{"id":1725,"date":"2025-10-09T15:42:43","date_gmt":"2025-10-09T15:42:43","guid":{"rendered":"https:\/\/www.riocopter.com.br\/blog\/?p=1725"},"modified":"2025-12-15T15:35:03","modified_gmt":"2025-12-15T15:35:03","slug":"fotografia-aerea-no-rio-de-janeiro-capture-imagens-espetaculares-em-voos-de-helicoptero","status":"publish","type":"post","link":"https:\/\/www.riocopter.com.br\/blog\/fotografia-aerea-no-rio-de-janeiro-capture-imagens-espetaculares-em-voos-de-helicoptero\/","title":{"rendered":"Fotografia A\u00e9rea no Rio de Janeiro: Capture Imagens Espetaculares em Voos de Helic\u00f3ptero"},"content":{"rendered":"<h1>Fotografia A\u00e9rea no Rio: Capture Fotos A\u00e9reas Rio Espetaculares<\/h1>\n<p><strong>Fotografia A\u00e9rea no Rio de Janeiro. Fotos a\u00e9reas Rio<\/strong> s\u00e3o objetivo de fot\u00f3grafos do mundo inteiro que visitam a cidade. De fato, se existe cidade feita para ser fotografada do c\u00e9u, \u00e9 o Rio de Janeiro. Al\u00e9m disso, a combina\u00e7\u00e3o \u00fanica de montanhas, praias e monumentos cria cen\u00e1rio visual incompar\u00e1vel. Portanto, os voos de helic\u00f3ptero se tornaram peregrina\u00e7\u00e3o para entusiastas de fotografia<a href=\"https:\/\/www.riocopter.com.br\/\" rel=\"noopener\">.<\/a><\/p>\n<p>A fotografia a\u00e9rea revela \u00e2ngulos imposs\u00edveis de alcan\u00e7ar de qualquer outra forma. De fato, aquelas imagens em revistas de viagem foram capturadas do ar. Consequentemente, com a democratiza\u00e7\u00e3o dos voos tur\u00edsticos, essa oportunidade est\u00e1 ao alcance de todos<a href=\"https:\/\/www.instagram.com\/riocopteroficial\/\" target=\"_blank\" rel=\"noopener\">.<\/a><\/p>\n<h2>Voos Doors-Off: Para\u00edso Para Fotos A\u00e9reas Rio<\/h2>\n<p>Para quem leva fotografia a s\u00e9rio, voos sem portas s\u00e3o configura\u00e7\u00e3o ideal para <strong>fotos a\u00e9reas Rio<\/strong>. De fato, sem vidro criando reflexos, sem limita\u00e7\u00f5es de \u00e2ngulo, voc\u00ea tem liberdade total<a href=\"https:\/\/www.riocopter.com.br\/blog\/pedidos-de-casamento-inesqueciveis-por-que-o-ceu-do-rio-de-janeiro-e-o-cenario-perfeito\/\">.<\/a> Consequentemente, a <strong>RIOCOPTER<\/strong> oferece essa modalidade para fot\u00f3grafos e criadores de conte\u00fado.<\/p>\n<p>Realizamos voos panor\u00e2micos com ou sem portas conforme prefer\u00eancia. No entanto, \u00e9 nos voos doors-off que a magia acontece para quem tem c\u00e2mera nas m\u00e3os.<\/p>\n<p>Vantagens fotogr\u00e1ficas dos voos sem portas:<\/p>\n<ul>\n<li>Zero reflexos no vidro durante capturas<\/li>\n<li>Liberdade total de posicionamento da c\u00e2mera<\/li>\n<li>Luz natural sem distor\u00e7\u00f5es ou interfer\u00eancias<\/li>\n<li>Composi\u00e7\u00f5es \u00fanicas imposs\u00edveis de outra forma<\/li>\n<\/ul>\n<h2>Cristo Redentor: Desafio Para Fotos A\u00e9reas Rio<\/h2>\n<p>Fotografar o Cristo Redentor \u00e9 grande objetivo de qualquer fot\u00f3grafo visitante. No entanto, capturar a est\u00e1tua de forma original requer perspectiva diferente. De fato, do helic\u00f3ptero voc\u00ea acessa \u00e2ngulos que transformam completamente suas <strong>fotos a\u00e9reas Rio<\/strong>.<\/p>\n<p>Oportunidades fotogr\u00e1ficas no Cristo Redentor:<\/p>\n<ul>\n<li>Cidade se estendendo infinitamente ao fundo<\/li>\n<li>Nuvens envolvendo parcialmente o Corcovado<\/li>\n<li>Luz do sol batendo nos bra\u00e7os abertos<\/li>\n<li>Textura da Floresta da Tijuca circundante<\/li>\n<\/ul>\n<p>Imagine capturar o momento em que nuvens criam atmosfera m\u00edstica ao redor. Consequentemente, cada elemento se torna parte de narrativa visual que s\u00f3 existe voando. Portanto, suas fotos se destacar\u00e3o entre milh\u00f5es de outras imagens.<\/p>\n<h2>Copacabana e Litoral: Fotos A\u00e9reas Rio Geom\u00e9tricas<\/h2>\n<p>O litoral carioca \u00e9 presente para fot\u00f3grafos que apreciam geometria e padr\u00f5es naturais. De fato, Copacabana com cal\u00e7ad\u00e3o ondulado cria composi\u00e7\u00e3o visual perfeita para <strong>fotos a\u00e9reas Rio<\/strong>. Consequentemente, as cores contrastantes formam paleta que funciona em qualquer estilo fotogr\u00e1fico.<\/p>\n<p>Elementos visuais para capturar no litoral:<\/p>\n<ul>\n<li>Preto e branco do cal\u00e7ad\u00e3o ic\u00f4nico<\/li>\n<li>Dourado da areia contra azul do oceano<\/li>\n<li>Verde das montanhas ao fundo da praia<\/li>\n<li>Padr\u00f5es de guarda-s\u00f3is coloridos na areia<\/li>\n<\/ul>\n<p>Do alto, voc\u00ea captura a escala verdadeira dessas praias famosas mundialmente. Al\u00e9m disso, pessoas se tornam pequenos pontos coloridos que adicionam vida \u00e0 cena. Portanto, cada elemento contribui para imagem que conta hist\u00f3ria da vida carioca.<\/p>\n<h2>P\u00e3o de A\u00e7\u00facar: Forma\u00e7\u00f5es Para Fotos A\u00e9reas Rio<\/h2>\n<p>A forma\u00e7\u00e3o rochosa do P\u00e3o de A\u00e7\u00facar \u00e9 geologicamente fascinante e visualmente impressionante. De fato, fotograf\u00e1-la do helic\u00f3ptero permite capturar sua rela\u00e7\u00e3o com o entorno completo. Consequentemente, voc\u00ea registra como ela emerge das \u00e1guas e domina a Ba\u00eda de Guanabara.<\/p>\n<p>A ba\u00eda oferece oportunidades fotogr\u00e1ficas infinitas para suas <strong>fotos a\u00e9reas Rio<\/strong>:<\/p>\n<ul>\n<li>\u00c1guas que mudam de cor conforme luz e profundidade<\/li>\n<li>Barcos deixando rastros brancos na superf\u00edcie azul<\/li>\n<li>Ilhas pontilhando a paisagem aqu\u00e1tica naturalmente<\/li>\n<li>Ponte Rio-Niter\u00f3i se estendendo ao horizonte<\/li>\n<\/ul>\n<p>Cada elemento \u00e9 hist\u00f3ria visual esperando para ser contada atrav\u00e9s da sua lente. Portanto, prepare-se para capturar composi\u00e7\u00f5es que revelam grandiosidade da natureza.<\/p>\n<p>Fotografia A\u00e9rea no Rio de Janeiro: Capture Imagens Espetaculares em Voos de Helic\u00f3ptero<\/p>\n<h2>Equipamento e T\u00e9cnicas Para Fotos A\u00e9reas Rio<\/h2>\n<p>Fot\u00f3grafos que planejam voo devem considerar aspectos t\u00e9cnicos importantes para <strong>fotos a\u00e9reas Rio<\/strong> perfeitas. De fato, velocidades de obturador mais r\u00e1pidas compensam vibra\u00e7\u00e3o do helic\u00f3ptero. Al\u00e9m disso, lentes vers\u00e1teis permitem capturar panoramas e detalhes espec\u00edficos.<\/p>\n<p>Dicas t\u00e9cnicas essenciais:<\/p>\n<ul>\n<li>Velocidade de obturador r\u00e1pida contra vibra\u00e7\u00e3o<\/li>\n<li>Lentes vers\u00e1teis para panoramas e detalhes<\/li>\n<li>Aproveite luz matinal para cores vibrantes<\/li>\n<li>Baterias carregadas e cart\u00f5es com espa\u00e7o<\/li>\n<\/ul>\n<p>A luz natural do Rio, especialmente nas primeiras horas da manh\u00e3, \u00e9 ideal. Consequentemente, cria condi\u00e7\u00f5es perfeitas com cores vibrantes e sombras dram\u00e1ticas nas suas fotos.<\/p>\n<p>Smartphones modernos tamb\u00e9m capturam imagens surpreendentes durante os voos. De fato, tecnologia de estabiliza\u00e7\u00e3o evoluiu tanto que at\u00e9 fot\u00f3grafos casuais conseguem resultados impressionantes. Portanto, o importante \u00e9 estar preparado para momentos que passam rapidamente.<\/p>\n<h2>Al\u00e9m do \u00d3bvio: Novos \u00c2ngulos Para Fotos A\u00e9reas Rio<\/h2>\n<p>Enquanto Cristo e Copacabana s\u00e3o alvos fotogr\u00e1ficos mais \u00f3bvios, o Rio oferece muito mais. De fato, a Catedral Metropolitana com arquitetura c\u00f4nica cria formas geom\u00e9tricas fascinantes nas <strong>fotos a\u00e9reas Rio<\/strong>.<\/p>\n<p>Pontos alternativos para fotografar do ar:<\/p>\n<ul>\n<li>Catedral Metropolitana com arquitetura modernista<\/li>\n<li>Samb\u00f3dromo revelando estrutura linear impressionante<\/li>\n<li>Jardim Bot\u00e2nico com padr\u00f5es de vegeta\u00e7\u00e3o organizados<\/li>\n<li>Favelas coloridas escalando os morros dramaticamente<\/li>\n<\/ul>\n<p>Cada bairro tem sua personalidade visual \u00fanica e interessante. Consequentemente, cada favela conta hist\u00f3ria de resili\u00eancia atrav\u00e9s de constru\u00e7\u00f5es coloridas. Portanto, cada elemento oferece possibilidades fotogr\u00e1ficas que s\u00f3 se revelam do ar.<\/p>\n<h2>Transforme Fotos A\u00e9reas Rio em Mem\u00f3rias<\/h2>\n<p>Quando voc\u00ea considera investimento em voo fotogr\u00e1fico, pense al\u00e9m do pre\u00e7o imediato. De fato, pense nas imagens que criar\u00e1 e nas hist\u00f3rias que elas contar\u00e3o eternamente. Consequentemente, <strong>fotos a\u00e9reas Rio<\/strong> n\u00e3o s\u00e3o apenas bonitas mas documentos de momento \u00fanico.<\/p>\n<p>A <strong>RIOCOPTER<\/strong> est\u00e1 pronta para proporcionar condi\u00e7\u00f5es ideais para sua sess\u00e3o fotogr\u00e1fica a\u00e9rea. De fato, pilotos entendem necessidades dos fot\u00f3grafos profundamente. Al\u00e9m disso, rotas cobrem os pontos mais espetaculares da cidade completa.<\/p>\n<p>Agende seu voo e prepare sua c\u00e2mera para aventura fotogr\u00e1fica da vida. Em conclus\u00e3o, a Cidade Maravilhosa espera para ser capturada de perspectiva \u00fanica. Afinal, algumas <strong>fotos a\u00e9reas Rio<\/strong> s\u00f3 existem quando voc\u00ea est\u00e1 voando sobre ela!<\/p>\n<p>&nbsp;<\/p>\n","protected":false},"excerpt":{"rendered":"<p>Fotografia A\u00e9rea no Rio: Capture Fotos A\u00e9reas Rio Espetaculares Fotografia A\u00e9rea no Rio de Janeiro. &#8230; <a class=\"cz_readmore cz_readmore_no_icon\" href=\"https:\/\/www.riocopter.com.br\/blog\/fotografia-aerea-no-rio-de-janeiro-capture-imagens-espetaculares-em-voos-de-helicoptero\/\"><span>Saiba Mais<\/span><\/a><\/p>\n","protected":false},"author":2,"featured_media":1726,"comment_status":"closed","ping_status":"closed","sticky":false,"template":"","format":"standard","meta":{"footnotes":""},"categories":[60],"tags":[74],"class_list":["post-1725","post","type-post","status-publish","format-standard","has-post-thumbnail","hentry","category-saiba-mais","tag-fotografia-aerea-no-rio-de-janeiro"],"yoast_head":"<!-- This site is optimized with the Yoast SEO Premium plugin v26.5 (Yoast SEO v27.5) - https:\/\/yoast.com\/product\/yoast-seo-premium-wordpress\/ -->\n<title>Fotografia A\u00e9rea no Rio de Janeiro: Capture Imagens Espetaculares em Voos de Helic\u00f3ptero | RIOCOPTER - Passeios de Helic\u00f3ptero<\/title>\n<meta name=\"robots\" content=\"index, follow, max-snippet:-1, max-image-preview:large, max-video-preview:-1\" \/>\n<link rel=\"canonical\" href=\"https:\/\/www.riocopter.com.br\/blog\/fotografia-aerea-no-rio-de-janeiro-capture-imagens-espetaculares-em-voos-de-helicoptero\/\" \/>\n<meta property=\"og:locale\" content=\"pt_BR\" \/>\n<meta property=\"og:type\" content=\"article\" \/>\n<meta property=\"og:title\" content=\"Fotografia A\u00e9rea no Rio de Janeiro: Capture Imagens Espetaculares em Voos de Helic\u00f3ptero\" \/>\n<meta property=\"og:description\" content=\"Fotografia A\u00e9rea no Rio: Capture Fotos A\u00e9reas Rio Espetaculares Fotografia A\u00e9rea no Rio de Janeiro. ... Saiba Mais\" \/>\n<meta property=\"og:url\" content=\"https:\/\/www.riocopter.com.br\/blog\/fotografia-aerea-no-rio-de-janeiro-capture-imagens-espetaculares-em-voos-de-helicoptero\/\" \/>\n<meta property=\"og:site_name\" content=\"RIOCOPTER - Passeios de Helic\u00f3ptero\" \/>\n<meta property=\"article:published_time\" content=\"2025-10-09T15:42:43+00:00\" \/>\n<meta property=\"article:modified_time\" content=\"2025-12-15T15:35:03+00:00\" \/>\n<meta property=\"og:image\" content=\"https:\/\/www.riocopter.com.br\/blog\/wp-content\/uploads\/2025\/10\/3.jpg\" \/>\n\t<meta property=\"og:image:width\" content=\"1000\" \/>\n\t<meta property=\"og:image:height\" content=\"430\" \/>\n\t<meta property=\"og:image:type\" content=\"image\/jpeg\" \/>\n<meta name=\"twitter:label1\" content=\"Escrito por\" \/>\n\t<meta name=\"twitter:data1\" content=\"\" \/>\n\t<meta name=\"twitter:label2\" content=\"Est. tempo de leitura\" \/>\n\t<meta name=\"twitter:data2\" content=\"6 minutos\" \/>\n<script type=\"application\/ld+json\" class=\"yoast-schema-graph\">{\"@context\":\"https:\\\/\\\/schema.org\",\"@graph\":[{\"@type\":\"Article\",\"@id\":\"https:\\\/\\\/www.riocopter.com.br\\\/blog\\\/fotografia-aerea-no-rio-de-janeiro-capture-imagens-espetaculares-em-voos-de-helicoptero\\\/#article\",\"isPartOf\":{\"@id\":\"https:\\\/\\\/www.riocopter.com.br\\\/blog\\\/fotografia-aerea-no-rio-de-janeiro-capture-imagens-espetaculares-em-voos-de-helicoptero\\\/\"},\"author\":{\"name\":\"\",\"@id\":\"\"},\"headline\":\"Fotografia A\u00e9rea no Rio de Janeiro: Capture Imagens Espetaculares em Voos de Helic\u00f3ptero\",\"datePublished\":\"2025-10-09T15:42:43+00:00\",\"dateModified\":\"2025-12-15T15:35:03+00:00\",\"mainEntityOfPage\":{\"@id\":\"https:\\\/\\\/www.riocopter.com.br\\\/blog\\\/fotografia-aerea-no-rio-de-janeiro-capture-imagens-espetaculares-em-voos-de-helicoptero\\\/\"},\"wordCount\":1050,\"publisher\":{\"@id\":\"https:\\\/\\\/www.riocopter.com.br\\\/blog\\\/#organization\"},\"image\":{\"@id\":\"https:\\\/\\\/www.riocopter.com.br\\\/blog\\\/fotografia-aerea-no-rio-de-janeiro-capture-imagens-espetaculares-em-voos-de-helicoptero\\\/#primaryimage\"},\"thumbnailUrl\":\"https:\\\/\\\/www.riocopter.com.br\\\/blog\\\/wp-content\\\/uploads\\\/2025\\\/10\\\/3.jpg\",\"keywords\":[\"Fotografia A\u00e9rea no Rio de Janeiro\"],\"articleSection\":[\"Saiba Mais...\"],\"inLanguage\":\"pt-BR\"},{\"@type\":\"WebPage\",\"@id\":\"https:\\\/\\\/www.riocopter.com.br\\\/blog\\\/fotografia-aerea-no-rio-de-janeiro-capture-imagens-espetaculares-em-voos-de-helicoptero\\\/\",\"url\":\"https:\\\/\\\/www.riocopter.com.br\\\/blog\\\/fotografia-aerea-no-rio-de-janeiro-capture-imagens-espetaculares-em-voos-de-helicoptero\\\/\",\"name\":\"Fotografia A\u00e9rea no Rio de Janeiro: Capture Imagens Espetaculares em Voos de Helic\u00f3ptero | RIOCOPTER - Passeios de Helic\u00f3ptero\",\"isPartOf\":{\"@id\":\"https:\\\/\\\/www.riocopter.com.br\\\/blog\\\/#website\"},\"primaryImageOfPage\":{\"@id\":\"https:\\\/\\\/www.riocopter.com.br\\\/blog\\\/fotografia-aerea-no-rio-de-janeiro-capture-imagens-espetaculares-em-voos-de-helicoptero\\\/#primaryimage\"},\"image\":{\"@id\":\"https:\\\/\\\/www.riocopter.com.br\\\/blog\\\/fotografia-aerea-no-rio-de-janeiro-capture-imagens-espetaculares-em-voos-de-helicoptero\\\/#primaryimage\"},\"thumbnailUrl\":\"https:\\\/\\\/www.riocopter.com.br\\\/blog\\\/wp-content\\\/uploads\\\/2025\\\/10\\\/3.jpg\",\"datePublished\":\"2025-10-09T15:42:43+00:00\",\"dateModified\":\"2025-12-15T15:35:03+00:00\",\"breadcrumb\":{\"@id\":\"https:\\\/\\\/www.riocopter.com.br\\\/blog\\\/fotografia-aerea-no-rio-de-janeiro-capture-imagens-espetaculares-em-voos-de-helicoptero\\\/#breadcrumb\"},\"inLanguage\":\"pt-BR\",\"potentialAction\":[{\"@type\":\"ReadAction\",\"target\":[\"https:\\\/\\\/www.riocopter.com.br\\\/blog\\\/fotografia-aerea-no-rio-de-janeiro-capture-imagens-espetaculares-em-voos-de-helicoptero\\\/\"]}]},{\"@type\":\"ImageObject\",\"inLanguage\":\"pt-BR\",\"@id\":\"https:\\\/\\\/www.riocopter.com.br\\\/blog\\\/fotografia-aerea-no-rio-de-janeiro-capture-imagens-espetaculares-em-voos-de-helicoptero\\\/#primaryimage\",\"url\":\"https:\\\/\\\/www.riocopter.com.br\\\/blog\\\/wp-content\\\/uploads\\\/2025\\\/10\\\/3.jpg\",\"contentUrl\":\"https:\\\/\\\/www.riocopter.com.br\\\/blog\\\/wp-content\\\/uploads\\\/2025\\\/10\\\/3.jpg\",\"width\":1000,\"height\":430},{\"@type\":\"BreadcrumbList\",\"@id\":\"https:\\\/\\\/www.riocopter.com.br\\\/blog\\\/fotografia-aerea-no-rio-de-janeiro-capture-imagens-espetaculares-em-voos-de-helicoptero\\\/#breadcrumb\",\"itemListElement\":[{\"@type\":\"ListItem\",\"position\":1,\"name\":\"In\u00edcio\",\"item\":\"https:\\\/\\\/www.riocopter.com.br\\\/blog\\\/\"},{\"@type\":\"ListItem\",\"position\":2,\"name\":\"Fotografia A\u00e9rea no Rio de Janeiro: Capture Imagens Espetaculares em Voos de Helic\u00f3ptero\"}]},{\"@type\":\"WebSite\",\"@id\":\"https:\\\/\\\/www.riocopter.com.br\\\/blog\\\/#website\",\"url\":\"https:\\\/\\\/www.riocopter.com.br\\\/blog\\\/\",\"name\":\"RIOCOPTER - Passeio de Helic\u00f3ptero\",\"description\":\"Passeio de Helic\u00f3ptero\",\"publisher\":{\"@id\":\"https:\\\/\\\/www.riocopter.com.br\\\/blog\\\/#organization\"},\"alternateName\":\"RIOCOPTER\",\"potentialAction\":[{\"@type\":\"SearchAction\",\"target\":{\"@type\":\"EntryPoint\",\"urlTemplate\":\"https:\\\/\\\/www.riocopter.com.br\\\/blog\\\/?s={search_term_string}\"},\"query-input\":{\"@type\":\"PropertyValueSpecification\",\"valueRequired\":true,\"valueName\":\"search_term_string\"}}],\"inLanguage\":\"pt-BR\"},{\"@type\":\"Organization\",\"@id\":\"https:\\\/\\\/www.riocopter.com.br\\\/blog\\\/#organization\",\"name\":\"RIOCOPTER - Passeios de Helic\u00f3ptero\",\"url\":\"https:\\\/\\\/www.riocopter.com.br\\\/blog\\\/\",\"logo\":{\"@type\":\"ImageObject\",\"inLanguage\":\"pt-BR\",\"@id\":\"https:\\\/\\\/www.riocopter.com.br\\\/blog\\\/#\\\/schema\\\/logo\\\/image\\\/\",\"url\":\"https:\\\/\\\/www.riocopter.com.br\\\/blog\\\/wp-content\\\/uploads\\\/2025\\\/06\\\/Logo_header.png\",\"contentUrl\":\"https:\\\/\\\/www.riocopter.com.br\\\/blog\\\/wp-content\\\/uploads\\\/2025\\\/06\\\/Logo_header.png\",\"width\":550,\"height\":128,\"caption\":\"RIOCOPTER - Passeios de Helic\u00f3ptero\"},\"image\":{\"@id\":\"https:\\\/\\\/www.riocopter.com.br\\\/blog\\\/#\\\/schema\\\/logo\\\/image\\\/\"},\"sameAs\":[\"https:\\\/\\\/www.instagram.com\\\/riocopteroficial\\\/\"]},{\"@type\":\"Person\",\"@id\":\"\"}]}<\/script>\n<!-- \/ Yoast SEO Premium plugin. -->","yoast_head_json":{"title":"Fotografia A\u00e9rea no Rio de Janeiro: Capture Imagens Espetaculares em Voos de Helic\u00f3ptero | RIOCOPTER - Passeios de Helic\u00f3ptero","robots":{"index":"index","follow":"follow","max-snippet":"max-snippet:-1","max-image-preview":"max-image-preview:large","max-video-preview":"max-video-preview:-1"},"canonical":"https:\/\/www.riocopter.com.br\/blog\/fotografia-aerea-no-rio-de-janeiro-capture-imagens-espetaculares-em-voos-de-helicoptero\/","og_locale":"pt_BR","og_type":"article","og_title":"Fotografia A\u00e9rea no Rio de Janeiro: Capture Imagens Espetaculares em Voos de Helic\u00f3ptero","og_description":"Fotografia A\u00e9rea no Rio: Capture Fotos A\u00e9reas Rio Espetaculares Fotografia A\u00e9rea no Rio de Janeiro. ... Saiba Mais","og_url":"https:\/\/www.riocopter.com.br\/blog\/fotografia-aerea-no-rio-de-janeiro-capture-imagens-espetaculares-em-voos-de-helicoptero\/","og_site_name":"RIOCOPTER - Passeios de Helic\u00f3ptero","article_published_time":"2025-10-09T15:42:43+00:00","article_modified_time":"2025-12-15T15:35:03+00:00","og_image":[{"width":1000,"height":430,"url":"https:\/\/www.riocopter.com.br\/blog\/wp-content\/uploads\/2025\/10\/3.jpg","type":"image\/jpeg"}],"twitter_misc":{"Escrito por":"","Est. tempo de leitura":"6 minutos"},"schema":{"@context":"https:\/\/schema.org","@graph":[{"@type":"Article","@id":"https:\/\/www.riocopter.com.br\/blog\/fotografia-aerea-no-rio-de-janeiro-capture-imagens-espetaculares-em-voos-de-helicoptero\/#article","isPartOf":{"@id":"https:\/\/www.riocopter.com.br\/blog\/fotografia-aerea-no-rio-de-janeiro-capture-imagens-espetaculares-em-voos-de-helicoptero\/"},"author":{"name":"","@id":""},"headline":"Fotografia A\u00e9rea no Rio de Janeiro: Capture Imagens Espetaculares em Voos de Helic\u00f3ptero","datePublished":"2025-10-09T15:42:43+00:00","dateModified":"2025-12-15T15:35:03+00:00","mainEntityOfPage":{"@id":"https:\/\/www.riocopter.com.br\/blog\/fotografia-aerea-no-rio-de-janeiro-capture-imagens-espetaculares-em-voos-de-helicoptero\/"},"wordCount":1050,"publisher":{"@id":"https:\/\/www.riocopter.com.br\/blog\/#organization"},"image":{"@id":"https:\/\/www.riocopter.com.br\/blog\/fotografia-aerea-no-rio-de-janeiro-capture-imagens-espetaculares-em-voos-de-helicoptero\/#primaryimage"},"thumbnailUrl":"https:\/\/www.riocopter.com.br\/blog\/wp-content\/uploads\/2025\/10\/3.jpg","keywords":["Fotografia A\u00e9rea no Rio de Janeiro"],"articleSection":["Saiba Mais..."],"inLanguage":"pt-BR"},{"@type":"WebPage","@id":"https:\/\/www.riocopter.com.br\/blog\/fotografia-aerea-no-rio-de-janeiro-capture-imagens-espetaculares-em-voos-de-helicoptero\/","url":"https:\/\/www.riocopter.com.br\/blog\/fotografia-aerea-no-rio-de-janeiro-capture-imagens-espetaculares-em-voos-de-helicoptero\/","name":"Fotografia A\u00e9rea no Rio de Janeiro: Capture Imagens Espetaculares em Voos de Helic\u00f3ptero | RIOCOPTER - Passeios de Helic\u00f3ptero","isPartOf":{"@id":"https:\/\/www.riocopter.com.br\/blog\/#website"},"primaryImageOfPage":{"@id":"https:\/\/www.riocopter.com.br\/blog\/fotografia-aerea-no-rio-de-janeiro-capture-imagens-espetaculares-em-voos-de-helicoptero\/#primaryimage"},"image":{"@id":"https:\/\/www.riocopter.com.br\/blog\/fotografia-aerea-no-rio-de-janeiro-capture-imagens-espetaculares-em-voos-de-helicoptero\/#primaryimage"},"thumbnailUrl":"https:\/\/www.riocopter.com.br\/blog\/wp-content\/uploads\/2025\/10\/3.jpg","datePublished":"2025-10-09T15:42:43+00:00","dateModified":"2025-12-15T15:35:03+00:00","breadcrumb":{"@id":"https:\/\/www.riocopter.com.br\/blog\/fotografia-aerea-no-rio-de-janeiro-capture-imagens-espetaculares-em-voos-de-helicoptero\/#breadcrumb"},"inLanguage":"pt-BR","potentialAction":[{"@type":"ReadAction","target":["https:\/\/www.riocopter.com.br\/blog\/fotografia-aerea-no-rio-de-janeiro-capture-imagens-espetaculares-em-voos-de-helicoptero\/"]}]},{"@type":"ImageObject","inLanguage":"pt-BR","@id":"https:\/\/www.riocopter.com.br\/blog\/fotografia-aerea-no-rio-de-janeiro-capture-imagens-espetaculares-em-voos-de-helicoptero\/#primaryimage","url":"https:\/\/www.riocopter.com.br\/blog\/wp-content\/uploads\/2025\/10\/3.jpg","contentUrl":"https:\/\/www.riocopter.com.br\/blog\/wp-content\/uploads\/2025\/10\/3.jpg","width":1000,"height":430},{"@type":"BreadcrumbList","@id":"https:\/\/www.riocopter.com.br\/blog\/fotografia-aerea-no-rio-de-janeiro-capture-imagens-espetaculares-em-voos-de-helicoptero\/#breadcrumb","itemListElement":[{"@type":"ListItem","position":1,"name":"In\u00edcio","item":"https:\/\/www.riocopter.com.br\/blog\/"},{"@type":"ListItem","position":2,"name":"Fotografia A\u00e9rea no Rio de Janeiro: Capture Imagens Espetaculares em Voos de Helic\u00f3ptero"}]},{"@type":"WebSite","@id":"https:\/\/www.riocopter.com.br\/blog\/#website","url":"https:\/\/www.riocopter.com.br\/blog\/","name":"RIOCOPTER - Passeio de Helic\u00f3ptero","description":"Passeio de Helic\u00f3ptero","publisher":{"@id":"https:\/\/www.riocopter.com.br\/blog\/#organization"},"alternateName":"RIOCOPTER","potentialAction":[{"@type":"SearchAction","target":{"@type":"EntryPoint","urlTemplate":"https:\/\/www.riocopter.com.br\/blog\/?s={search_term_string}"},"query-input":{"@type":"PropertyValueSpecification","valueRequired":true,"valueName":"search_term_string"}}],"inLanguage":"pt-BR"},{"@type":"Organization","@id":"https:\/\/www.riocopter.com.br\/blog\/#organization","name":"RIOCOPTER - Passeios de Helic\u00f3ptero","url":"https:\/\/www.riocopter.com.br\/blog\/","logo":{"@type":"ImageObject","inLanguage":"pt-BR","@id":"https:\/\/www.riocopter.com.br\/blog\/#\/schema\/logo\/image\/","url":"https:\/\/www.riocopter.com.br\/blog\/wp-content\/uploads\/2025\/06\/Logo_header.png","contentUrl":"https:\/\/www.riocopter.com.br\/blog\/wp-content\/uploads\/2025\/06\/Logo_header.png","width":550,"height":128,"caption":"RIOCOPTER - Passeios de Helic\u00f3ptero"},"image":{"@id":"https:\/\/www.riocopter.com.br\/blog\/#\/schema\/logo\/image\/"},"sameAs":["https:\/\/www.instagram.com\/riocopteroficial\/"]},{"@type":"Person","@id":""}]}},"_links":{"self":[{"href":"https:\/\/www.riocopter.com.br\/blog\/wp-json\/wp\/v2\/posts\/1725","targetHints":{"allow":["GET"]}}],"collection":[{"href":"https:\/\/www.riocopter.com.br\/blog\/wp-json\/wp\/v2\/posts"}],"about":[{"href":"https:\/\/www.riocopter.com.br\/blog\/wp-json\/wp\/v2\/types\/post"}],"author":[{"embeddable":true,"href":"https:\/\/www.riocopter.com.br\/blog\/wp-json\/wp\/v2\/users\/2"}],"replies":[{"embeddable":true,"href":"https:\/\/www.riocopter.com.br\/blog\/wp-json\/wp\/v2\/comments?post=1725"}],"version-history":[{"count":0,"href":"https:\/\/www.riocopter.com.br\/blog\/wp-json\/wp\/v2\/posts\/1725\/revisions"}],"wp:featuredmedia":[{"embeddable":true,"href":"https:\/\/www.riocopter.com.br\/blog\/wp-json\/wp\/v2\/media\/1726"}],"wp:attachment":[{"href":"https:\/\/www.riocopter.com.br\/blog\/wp-json\/wp\/v2\/media?parent=1725"}],"wp:term":[{"taxonomy":"category","embeddable":true,"href":"https:\/\/www.riocopter.com.br\/blog\/wp-json\/wp\/v2\/categories?post=1725"},{"taxonomy":"post_tag","embeddable":true,"href":"https:\/\/www.riocopter.com.br\/blog\/wp-json\/wp\/v2\/tags?post=1725"}],"curies":[{"name":"wp","href":"https:\/\/api.w.org\/{rel}","templated":true}]}}