{"id":1717,"date":"2025-10-08T18:30:59","date_gmt":"2025-10-08T18:30:59","guid":{"rendered":"https:\/\/www.riocopter.com.br\/blog\/?p=1717"},"modified":"2025-12-15T15:36:32","modified_gmt":"2025-12-15T15:36:32","slug":"voos-de-helicoptero-no-rio-de-janeiro","status":"publish","type":"post","link":"https:\/\/www.riocopter.com.br\/blog\/voos-de-helicoptero-no-rio-de-janeiro\/","title":{"rendered":"Voos de Helic\u00f3ptero no Rio de Janeiro"},"content":{"rendered":"<h1>Voo Helic\u00f3ptero Rio: Uma Jornada Inesquec\u00edvel Sobre a Cidade Maravilhosa<\/h1>\n<p><strong>Voos de Helic\u00f3ptero no Rio de Janeiro. Voo helic\u00f3ptero Rio<\/strong> eleva literalmente sua visita a outro patamar \u00fanico e especial. De fato, o Rio \u00e9 mundialmente reconhecido por paisagens deslumbrantes e monumentos ic\u00f4nicos. No entanto, h\u00e1 uma forma de experimentar toda essa grandiosidade de perspectiva completamente nova. Portanto, os voos tur\u00edsticos revelam detalhes que permanecem ocultos ao n\u00edvel do solo<a href=\"https:\/\/www.riocopter.com.br\/\" rel=\"noopener\">.<\/a><\/p>\n<p>Ao decolar e sentir a aeronave ganhar altitude, voc\u00ea percebe algo extraordin\u00e1rio imediatamente. Consequentemente, a cidade se desdobra como mapa tridimensional vivo abaixo de voc\u00ea. Al\u00e9m disso, cada bairro, praia e montanha conta sua pr\u00f3pria hist\u00f3ria revelada apenas do ar<a href=\"https:\/\/www.instagram.com\/riocopteroficial\/\" target=\"_blank\" rel=\"noopener\">.<\/a><\/p>\n<h2>Cristo Redentor: Encontro Celestial no Voo Helic\u00f3ptero Rio<\/h2>\n<p>Ver o Cristo Redentor do ch\u00e3o j\u00e1 \u00e9 emocionante para qualquer visitante. No entanto, observ\u00e1-lo durante o <strong>voo helic\u00f3ptero Rio<\/strong> \u00e9 experi\u00eancia quase espiritual. De fato, a est\u00e1tua a 710 metros de altitude ganha dimens\u00e3o completamente diferente do ar<a href=\"https:\/\/www.riocopter.com.br\/blog\/voo-de-helicoptero-rio-de-janeiro\/\">.<\/a><\/p>\n<p>O que voc\u00ea experimenta voando ao lado do Cristo:<\/p>\n<ul>\n<li>Perspectiva no mesmo n\u00edvel dos bra\u00e7os abertos<\/li>\n<li>Detalhes da constru\u00e7\u00e3o vis\u00edveis de perto<\/li>\n<li>Magnitude da obra apreciada completamente<\/li>\n<li>Integra\u00e7\u00e3o perfeita com paisagem montanhosa<\/li>\n<\/ul>\n<p>A <strong>RIOCOPTER<\/strong> proporciona essa aproxima\u00e7\u00e3o \u00fanica com o monumento mais fotografado. De fato, realizamos voos panor\u00e2micos com ou sem portas conforme prefer\u00eancia. Consequentemente, voc\u00ea escolhe a intensidade da sua aventura sobre a cidade.<\/p>\n<h2>Copacabana e Litoral no Voo Helic\u00f3ptero Rio<\/h2>\n<p>A faixa litor\u00e2nea do Rio \u00e9 espet\u00e1culo \u00e0 parte quando observada de cima. De fato, Copacabana se estende como obra de arte urbana impressionante. Consequentemente, o cal\u00e7ad\u00e3o de Burle Marx cria ondas em preto e branco que parecem dan\u00e7ar.<\/p>\n<p>Elementos vis\u00edveis do litoral durante o <strong>voo helic\u00f3ptero Rio<\/strong>:<\/p>\n<ul>\n<li>Cal\u00e7ad\u00e3o ondulado criando padr\u00e3o hipn\u00f3tico<\/li>\n<li>Praia revelando verdadeira escala do alto<\/li>\n<li>Harmonia entre natureza e vida urbana<\/li>\n<li>Arco dourado conectando praias famosas<\/li>\n<\/ul>\n<p>Ipanema e Leblon complementam esse cen\u00e1rio paradis\u00edaco com personalidade \u00fanica. Al\u00e9m disso, do helic\u00f3ptero voc\u00ea observa como praias se conectam perfeitamente. Portanto, as montanhas criam contraste dram\u00e1tico entre verde e azul profundo.<\/p>\n<h2>Voos Doors-Off: Liberdade no Voo Helic\u00f3ptero Rio<\/h2>\n<p>Os voos sem portas representam \u00e1pice da experi\u00eancia a\u00e9rea sobre o Rio. De fato, sem as portas do helic\u00f3ptero, voc\u00ea sente o vento intensamente. Consequentemente, percebe temperatura mudando conforme altitude aumenta durante percurso.<\/p>\n<p>Vantagens dos voos doors-off no <strong>voo helic\u00f3ptero Rio<\/strong>:<\/p>\n<ul>\n<li>Liberdade total para fotografar sem reflexos<\/li>\n<li>Sensa\u00e7\u00e3o do vento e temperatura no rosto<\/li>\n<li>Imers\u00e3o completa na paisagem sem barreiras<\/li>\n<li>Imagens profissionais sem obstru\u00e7\u00f5es de vidro<\/li>\n<\/ul>\n<p>Fot\u00f3grafos profissionais e amadores encontram oportunidade perfeita nesta modalidade. Al\u00e9m disso, a seguran\u00e7a \u00e9 sempre prioridade absoluta com equipamentos de \u00faltima gera\u00e7\u00e3o. Portanto, pilotos altamente qualificados conhecem cada cent\u00edmetro do espa\u00e7o a\u00e9reo carioca.<\/p>\n<p>Esta combina\u00e7\u00e3o de adrenalina e seguran\u00e7a faz diferen\u00e7a total na experi\u00eancia. Consequentemente, mesmo quem nunca imaginou voar sem portas se sente confiante e empolgado.<\/p>\n<h2>Outros Tesouros no Voo Helic\u00f3ptero Rio<\/h2>\n<p>O P\u00e3o de A\u00e7\u00facar com seus 396 metros \u00e9 outro \u00edcone que ganha nova vida sobrevoado. De fato, a forma\u00e7\u00e3o rochosa mostra impon\u00eancia e beleza geol\u00f3gica apenas do ar. Consequentemente, a Ba\u00eda de Guanabara cria cen\u00e1rio de tirar o f\u00f4lego durante o <strong>voo helic\u00f3ptero Rio<\/strong>.<\/p>\n<p>Pontos adicionais revelados do alto:<\/p>\n<ul>\n<li>Est\u00e1dio do Maracan\u00e3 em toda sua grandiosidade<\/li>\n<li>Catedral Metropolitana com arquitetura modernista<\/li>\n<li>Samb\u00f3dromo onde o carnaval ganha vida<\/li>\n<li>Jardim Bot\u00e2nico com vegeta\u00e7\u00e3o exuberante<\/li>\n<\/ul>\n<p>Cada atra\u00e7\u00e3o revela detalhes arquitet\u00f4nicos que passam despercebidos em visitas terrestres. Portanto, o voo complementa perfeitamente qualquer roteiro tur\u00edstico no Rio de Janeiro.<\/p>\n<h2>Invista em Mem\u00f3rias com Voo Helic\u00f3ptero Rio<\/h2>\n<p>Quando se trata de experi\u00eancias transformadoras, o pre\u00e7o se torna investimento valioso. De fato, mem\u00f3rias s\u00e3o algo intang\u00edvel e precioso que voc\u00ea carregar\u00e1 para sempre. Consequentemente, o <strong>voo helic\u00f3ptero Rio<\/strong> n\u00e3o \u00e9 apenas passeio tur\u00edstico comum.<\/p>\n<p>O que o investimento proporciona:<\/p>\n<ul>\n<li>Marco inesquec\u00edvel na sua vida pessoal<\/li>\n<li>Momento que voc\u00ea revisitar\u00e1 mentalmente sempre<\/li>\n<li>Fotografias \u00fanicas imposs\u00edveis de outro modo<\/li>\n<li>Experi\u00eancia que supera todas as expectativas<\/li>\n<\/ul>\n<p>Agende sua experi\u00eancia com a <strong>RIOCOPTER<\/strong> e prepare-se para ver a cidade como nunca. De fato, seja em voo panor\u00e2mico tradicional ou modalidade doors-off, garantimos momentos extraordin\u00e1rios.<\/p>\n<p>N\u00e3o espere mais para realizar esse sonho de sobrevoar o Rio. Em conclus\u00e3o, descubra por que tantas pessoas consideram o <strong>voo helic\u00f3ptero Rio<\/strong> ponto alto da visita. Afinal, a Cidade Maravilhosa espera para ser descoberta das alturas!<\/p>\n<p>&nbsp;<\/p>\n","protected":false},"excerpt":{"rendered":"<p>Voo Helic\u00f3ptero Rio: Uma Jornada Inesquec\u00edvel Sobre a Cidade Maravilhosa Voos de Helic\u00f3ptero no Rio &#8230; <a class=\"cz_readmore cz_readmore_no_icon\" href=\"https:\/\/www.riocopter.com.br\/blog\/voos-de-helicoptero-no-rio-de-janeiro\/\"><span>Saiba Mais<\/span><\/a><\/p>\n","protected":false},"author":2,"featured_media":1718,"comment_status":"closed","ping_status":"closed","sticky":false,"template":"","format":"standard","meta":{"footnotes":""},"categories":[1],"tags":[82],"class_list":["post-1717","post","type-post","status-publish","format-standard","has-post-thumbnail","hentry","category-news","tag-voos-de-helicoptero-no-rio-de-janeiro"],"yoast_head":"<!-- This site is optimized with the Yoast SEO Premium plugin v26.5 (Yoast SEO v27.5) - https:\/\/yoast.com\/product\/yoast-seo-premium-wordpress\/ -->\n<title>Voos de Helic\u00f3ptero no Rio de Janeiro | RIOCOPTER - Passeios de Helic\u00f3ptero<\/title>\n<meta name=\"robots\" content=\"index, follow, max-snippet:-1, max-image-preview:large, max-video-preview:-1\" \/>\n<link rel=\"canonical\" href=\"https:\/\/www.riocopter.com.br\/blog\/voos-de-helicoptero-no-rio-de-janeiro\/\" \/>\n<meta property=\"og:locale\" content=\"pt_BR\" \/>\n<meta property=\"og:type\" content=\"article\" \/>\n<meta property=\"og:title\" content=\"Voos de Helic\u00f3ptero no Rio de Janeiro\" \/>\n<meta property=\"og:description\" content=\"Voo Helic\u00f3ptero Rio: Uma Jornada Inesquec\u00edvel Sobre a Cidade Maravilhosa Voos de Helic\u00f3ptero no Rio ... Saiba Mais\" \/>\n<meta property=\"og:url\" content=\"https:\/\/www.riocopter.com.br\/blog\/voos-de-helicoptero-no-rio-de-janeiro\/\" \/>\n<meta property=\"og:site_name\" content=\"RIOCOPTER - Passeios de Helic\u00f3ptero\" \/>\n<meta property=\"article:published_time\" content=\"2025-10-08T18:30:59+00:00\" \/>\n<meta property=\"article:modified_time\" content=\"2025-12-15T15:36:32+00:00\" \/>\n<meta property=\"og:image\" content=\"https:\/\/www.riocopter.com.br\/blog\/wp-content\/uploads\/2025\/10\/1.jpg\" \/>\n\t<meta property=\"og:image:width\" content=\"1000\" \/>\n\t<meta property=\"og:image:height\" content=\"430\" \/>\n\t<meta property=\"og:image:type\" content=\"image\/jpeg\" \/>\n<meta name=\"twitter:label1\" content=\"Escrito por\" \/>\n\t<meta name=\"twitter:data1\" content=\"\" \/>\n\t<meta name=\"twitter:label2\" content=\"Est. tempo de leitura\" \/>\n\t<meta name=\"twitter:data2\" content=\"5 minutos\" \/>\n<script type=\"application\/ld+json\" class=\"yoast-schema-graph\">{\"@context\":\"https:\\\/\\\/schema.org\",\"@graph\":[{\"@type\":\"Article\",\"@id\":\"https:\\\/\\\/www.riocopter.com.br\\\/blog\\\/voos-de-helicoptero-no-rio-de-janeiro\\\/#article\",\"isPartOf\":{\"@id\":\"https:\\\/\\\/www.riocopter.com.br\\\/blog\\\/voos-de-helicoptero-no-rio-de-janeiro\\\/\"},\"author\":{\"name\":\"\",\"@id\":\"\"},\"headline\":\"Voos de Helic\u00f3ptero no Rio de Janeiro\",\"datePublished\":\"2025-10-08T18:30:59+00:00\",\"dateModified\":\"2025-12-15T15:36:32+00:00\",\"mainEntityOfPage\":{\"@id\":\"https:\\\/\\\/www.riocopter.com.br\\\/blog\\\/voos-de-helicoptero-no-rio-de-janeiro\\\/\"},\"wordCount\":796,\"publisher\":{\"@id\":\"https:\\\/\\\/www.riocopter.com.br\\\/blog\\\/#organization\"},\"image\":{\"@id\":\"https:\\\/\\\/www.riocopter.com.br\\\/blog\\\/voos-de-helicoptero-no-rio-de-janeiro\\\/#primaryimage\"},\"thumbnailUrl\":\"https:\\\/\\\/www.riocopter.com.br\\\/blog\\\/wp-content\\\/uploads\\\/2025\\\/10\\\/1.jpg\",\"keywords\":[\"Voos de Helic\u00f3ptero no Rio de Janeiro\"],\"articleSection\":[\"News\"],\"inLanguage\":\"pt-BR\"},{\"@type\":\"WebPage\",\"@id\":\"https:\\\/\\\/www.riocopter.com.br\\\/blog\\\/voos-de-helicoptero-no-rio-de-janeiro\\\/\",\"url\":\"https:\\\/\\\/www.riocopter.com.br\\\/blog\\\/voos-de-helicoptero-no-rio-de-janeiro\\\/\",\"name\":\"Voos de Helic\u00f3ptero no Rio de Janeiro | RIOCOPTER - Passeios de Helic\u00f3ptero\",\"isPartOf\":{\"@id\":\"https:\\\/\\\/www.riocopter.com.br\\\/blog\\\/#website\"},\"primaryImageOfPage\":{\"@id\":\"https:\\\/\\\/www.riocopter.com.br\\\/blog\\\/voos-de-helicoptero-no-rio-de-janeiro\\\/#primaryimage\"},\"image\":{\"@id\":\"https:\\\/\\\/www.riocopter.com.br\\\/blog\\\/voos-de-helicoptero-no-rio-de-janeiro\\\/#primaryimage\"},\"thumbnailUrl\":\"https:\\\/\\\/www.riocopter.com.br\\\/blog\\\/wp-content\\\/uploads\\\/2025\\\/10\\\/1.jpg\",\"datePublished\":\"2025-10-08T18:30:59+00:00\",\"dateModified\":\"2025-12-15T15:36:32+00:00\",\"breadcrumb\":{\"@id\":\"https:\\\/\\\/www.riocopter.com.br\\\/blog\\\/voos-de-helicoptero-no-rio-de-janeiro\\\/#breadcrumb\"},\"inLanguage\":\"pt-BR\",\"potentialAction\":[{\"@type\":\"ReadAction\",\"target\":[\"https:\\\/\\\/www.riocopter.com.br\\\/blog\\\/voos-de-helicoptero-no-rio-de-janeiro\\\/\"]}]},{\"@type\":\"ImageObject\",\"inLanguage\":\"pt-BR\",\"@id\":\"https:\\\/\\\/www.riocopter.com.br\\\/blog\\\/voos-de-helicoptero-no-rio-de-janeiro\\\/#primaryimage\",\"url\":\"https:\\\/\\\/www.riocopter.com.br\\\/blog\\\/wp-content\\\/uploads\\\/2025\\\/10\\\/1.jpg\",\"contentUrl\":\"https:\\\/\\\/www.riocopter.com.br\\\/blog\\\/wp-content\\\/uploads\\\/2025\\\/10\\\/1.jpg\",\"width\":1000,\"height\":430},{\"@type\":\"BreadcrumbList\",\"@id\":\"https:\\\/\\\/www.riocopter.com.br\\\/blog\\\/voos-de-helicoptero-no-rio-de-janeiro\\\/#breadcrumb\",\"itemListElement\":[{\"@type\":\"ListItem\",\"position\":1,\"name\":\"In\u00edcio\",\"item\":\"https:\\\/\\\/www.riocopter.com.br\\\/blog\\\/\"},{\"@type\":\"ListItem\",\"position\":2,\"name\":\"Voos de Helic\u00f3ptero no Rio de Janeiro\"}]},{\"@type\":\"WebSite\",\"@id\":\"https:\\\/\\\/www.riocopter.com.br\\\/blog\\\/#website\",\"url\":\"https:\\\/\\\/www.riocopter.com.br\\\/blog\\\/\",\"name\":\"RIOCOPTER - Passeio de Helic\u00f3ptero\",\"description\":\"Passeio de Helic\u00f3ptero\",\"publisher\":{\"@id\":\"https:\\\/\\\/www.riocopter.com.br\\\/blog\\\/#organization\"},\"alternateName\":\"RIOCOPTER\",\"potentialAction\":[{\"@type\":\"SearchAction\",\"target\":{\"@type\":\"EntryPoint\",\"urlTemplate\":\"https:\\\/\\\/www.riocopter.com.br\\\/blog\\\/?s={search_term_string}\"},\"query-input\":{\"@type\":\"PropertyValueSpecification\",\"valueRequired\":true,\"valueName\":\"search_term_string\"}}],\"inLanguage\":\"pt-BR\"},{\"@type\":\"Organization\",\"@id\":\"https:\\\/\\\/www.riocopter.com.br\\\/blog\\\/#organization\",\"name\":\"RIOCOPTER - Passeios de Helic\u00f3ptero\",\"url\":\"https:\\\/\\\/www.riocopter.com.br\\\/blog\\\/\",\"logo\":{\"@type\":\"ImageObject\",\"inLanguage\":\"pt-BR\",\"@id\":\"https:\\\/\\\/www.riocopter.com.br\\\/blog\\\/#\\\/schema\\\/logo\\\/image\\\/\",\"url\":\"https:\\\/\\\/www.riocopter.com.br\\\/blog\\\/wp-content\\\/uploads\\\/2025\\\/06\\\/Logo_header.png\",\"contentUrl\":\"https:\\\/\\\/www.riocopter.com.br\\\/blog\\\/wp-content\\\/uploads\\\/2025\\\/06\\\/Logo_header.png\",\"width\":550,\"height\":128,\"caption\":\"RIOCOPTER - Passeios de Helic\u00f3ptero\"},\"image\":{\"@id\":\"https:\\\/\\\/www.riocopter.com.br\\\/blog\\\/#\\\/schema\\\/logo\\\/image\\\/\"},\"sameAs\":[\"https:\\\/\\\/www.instagram.com\\\/riocopteroficial\\\/\"]},{\"@type\":\"Person\",\"@id\":\"\"}]}<\/script>\n<!-- \/ Yoast SEO Premium plugin. -->","yoast_head_json":{"title":"Voos de Helic\u00f3ptero no Rio de Janeiro | RIOCOPTER - Passeios de Helic\u00f3ptero","robots":{"index":"index","follow":"follow","max-snippet":"max-snippet:-1","max-image-preview":"max-image-preview:large","max-video-preview":"max-video-preview:-1"},"canonical":"https:\/\/www.riocopter.com.br\/blog\/voos-de-helicoptero-no-rio-de-janeiro\/","og_locale":"pt_BR","og_type":"article","og_title":"Voos de Helic\u00f3ptero no Rio de Janeiro","og_description":"Voo Helic\u00f3ptero Rio: Uma Jornada Inesquec\u00edvel Sobre a Cidade Maravilhosa Voos de Helic\u00f3ptero no Rio ... Saiba Mais","og_url":"https:\/\/www.riocopter.com.br\/blog\/voos-de-helicoptero-no-rio-de-janeiro\/","og_site_name":"RIOCOPTER - Passeios de Helic\u00f3ptero","article_published_time":"2025-10-08T18:30:59+00:00","article_modified_time":"2025-12-15T15:36:32+00:00","og_image":[{"width":1000,"height":430,"url":"https:\/\/www.riocopter.com.br\/blog\/wp-content\/uploads\/2025\/10\/1.jpg","type":"image\/jpeg"}],"twitter_misc":{"Escrito por":"","Est. tempo de leitura":"5 minutos"},"schema":{"@context":"https:\/\/schema.org","@graph":[{"@type":"Article","@id":"https:\/\/www.riocopter.com.br\/blog\/voos-de-helicoptero-no-rio-de-janeiro\/#article","isPartOf":{"@id":"https:\/\/www.riocopter.com.br\/blog\/voos-de-helicoptero-no-rio-de-janeiro\/"},"author":{"name":"","@id":""},"headline":"Voos de Helic\u00f3ptero no Rio de Janeiro","datePublished":"2025-10-08T18:30:59+00:00","dateModified":"2025-12-15T15:36:32+00:00","mainEntityOfPage":{"@id":"https:\/\/www.riocopter.com.br\/blog\/voos-de-helicoptero-no-rio-de-janeiro\/"},"wordCount":796,"publisher":{"@id":"https:\/\/www.riocopter.com.br\/blog\/#organization"},"image":{"@id":"https:\/\/www.riocopter.com.br\/blog\/voos-de-helicoptero-no-rio-de-janeiro\/#primaryimage"},"thumbnailUrl":"https:\/\/www.riocopter.com.br\/blog\/wp-content\/uploads\/2025\/10\/1.jpg","keywords":["Voos de Helic\u00f3ptero no Rio de Janeiro"],"articleSection":["News"],"inLanguage":"pt-BR"},{"@type":"WebPage","@id":"https:\/\/www.riocopter.com.br\/blog\/voos-de-helicoptero-no-rio-de-janeiro\/","url":"https:\/\/www.riocopter.com.br\/blog\/voos-de-helicoptero-no-rio-de-janeiro\/","name":"Voos de Helic\u00f3ptero no Rio de Janeiro | RIOCOPTER - Passeios de Helic\u00f3ptero","isPartOf":{"@id":"https:\/\/www.riocopter.com.br\/blog\/#website"},"primaryImageOfPage":{"@id":"https:\/\/www.riocopter.com.br\/blog\/voos-de-helicoptero-no-rio-de-janeiro\/#primaryimage"},"image":{"@id":"https:\/\/www.riocopter.com.br\/blog\/voos-de-helicoptero-no-rio-de-janeiro\/#primaryimage"},"thumbnailUrl":"https:\/\/www.riocopter.com.br\/blog\/wp-content\/uploads\/2025\/10\/1.jpg","datePublished":"2025-10-08T18:30:59+00:00","dateModified":"2025-12-15T15:36:32+00:00","breadcrumb":{"@id":"https:\/\/www.riocopter.com.br\/blog\/voos-de-helicoptero-no-rio-de-janeiro\/#breadcrumb"},"inLanguage":"pt-BR","potentialAction":[{"@type":"ReadAction","target":["https:\/\/www.riocopter.com.br\/blog\/voos-de-helicoptero-no-rio-de-janeiro\/"]}]},{"@type":"ImageObject","inLanguage":"pt-BR","@id":"https:\/\/www.riocopter.com.br\/blog\/voos-de-helicoptero-no-rio-de-janeiro\/#primaryimage","url":"https:\/\/www.riocopter.com.br\/blog\/wp-content\/uploads\/2025\/10\/1.jpg","contentUrl":"https:\/\/www.riocopter.com.br\/blog\/wp-content\/uploads\/2025\/10\/1.jpg","width":1000,"height":430},{"@type":"BreadcrumbList","@id":"https:\/\/www.riocopter.com.br\/blog\/voos-de-helicoptero-no-rio-de-janeiro\/#breadcrumb","itemListElement":[{"@type":"ListItem","position":1,"name":"In\u00edcio","item":"https:\/\/www.riocopter.com.br\/blog\/"},{"@type":"ListItem","position":2,"name":"Voos de Helic\u00f3ptero no Rio de Janeiro"}]},{"@type":"WebSite","@id":"https:\/\/www.riocopter.com.br\/blog\/#website","url":"https:\/\/www.riocopter.com.br\/blog\/","name":"RIOCOPTER - Passeio de Helic\u00f3ptero","description":"Passeio de Helic\u00f3ptero","publisher":{"@id":"https:\/\/www.riocopter.com.br\/blog\/#organization"},"alternateName":"RIOCOPTER","potentialAction":[{"@type":"SearchAction","target":{"@type":"EntryPoint","urlTemplate":"https:\/\/www.riocopter.com.br\/blog\/?s={search_term_string}"},"query-input":{"@type":"PropertyValueSpecification","valueRequired":true,"valueName":"search_term_string"}}],"inLanguage":"pt-BR"},{"@type":"Organization","@id":"https:\/\/www.riocopter.com.br\/blog\/#organization","name":"RIOCOPTER - Passeios de Helic\u00f3ptero","url":"https:\/\/www.riocopter.com.br\/blog\/","logo":{"@type":"ImageObject","inLanguage":"pt-BR","@id":"https:\/\/www.riocopter.com.br\/blog\/#\/schema\/logo\/image\/","url":"https:\/\/www.riocopter.com.br\/blog\/wp-content\/uploads\/2025\/06\/Logo_header.png","contentUrl":"https:\/\/www.riocopter.com.br\/blog\/wp-content\/uploads\/2025\/06\/Logo_header.png","width":550,"height":128,"caption":"RIOCOPTER - Passeios de Helic\u00f3ptero"},"image":{"@id":"https:\/\/www.riocopter.com.br\/blog\/#\/schema\/logo\/image\/"},"sameAs":["https:\/\/www.instagram.com\/riocopteroficial\/"]},{"@type":"Person","@id":""}]}},"_links":{"self":[{"href":"https:\/\/www.riocopter.com.br\/blog\/wp-json\/wp\/v2\/posts\/1717","targetHints":{"allow":["GET"]}}],"collection":[{"href":"https:\/\/www.riocopter.com.br\/blog\/wp-json\/wp\/v2\/posts"}],"about":[{"href":"https:\/\/www.riocopter.com.br\/blog\/wp-json\/wp\/v2\/types\/post"}],"author":[{"embeddable":true,"href":"https:\/\/www.riocopter.com.br\/blog\/wp-json\/wp\/v2\/users\/2"}],"replies":[{"embeddable":true,"href":"https:\/\/www.riocopter.com.br\/blog\/wp-json\/wp\/v2\/comments?post=1717"}],"version-history":[{"count":0,"href":"https:\/\/www.riocopter.com.br\/blog\/wp-json\/wp\/v2\/posts\/1717\/revisions"}],"wp:featuredmedia":[{"embeddable":true,"href":"https:\/\/www.riocopter.com.br\/blog\/wp-json\/wp\/v2\/media\/1718"}],"wp:attachment":[{"href":"https:\/\/www.riocopter.com.br\/blog\/wp-json\/wp\/v2\/media?parent=1717"}],"wp:term":[{"taxonomy":"category","embeddable":true,"href":"https:\/\/www.riocopter.com.br\/blog\/wp-json\/wp\/v2\/categories?post=1717"},{"taxonomy":"post_tag","embeddable":true,"href":"https:\/\/www.riocopter.com.br\/blog\/wp-json\/wp\/v2\/tags?post=1717"}],"curies":[{"name":"wp","href":"https:\/\/api.w.org\/{rel}","templated":true}]}}