{"id":1697,"date":"2025-10-02T07:44:51","date_gmt":"2025-10-02T07:44:51","guid":{"rendered":"https:\/\/www.riocopter.com.br\/blog\/?p=1697"},"modified":"2025-12-15T19:00:57","modified_gmt":"2025-12-15T19:00:57","slug":"verao-ou-inverno","status":"publish","type":"post","link":"https:\/\/www.riocopter.com.br\/blog\/verao-ou-inverno\/","title":{"rendered":"Ver\u00e3o ou Inverno?"},"content":{"rendered":"<h1>Ver\u00e3o ou Inverno: Qual Melhor Voo Helic\u00f3ptero Rio \u00c9poca Para Voc\u00ea?<\/h1>\n<p>Ver\u00e3o ou Inverno? Cada esta\u00e7\u00e3o oferece experi\u00eancias \u00fanicas durante o <strong>voo helic\u00f3ptero Rio \u00e9poca<\/strong> escolhida por voc\u00ea. De fato, o ver\u00e3o entrega c\u00e9us azuis vibrantes e energia contagiante da alta temporada. No entanto, o inverno surpreende com visibilidade excepcional e temperaturas ideais. Portanto, compreender as caracter\u00edsticas de cada per\u00edodo ajuda a maximizar sua experi\u00eancia a\u00e9rea<a href=\"https:\/\/www.riocopter.com.br\/\" rel=\"noopener\">.<\/a><\/p>\n<p>Quando voc\u00ea considera fatores sazonais, est\u00e1 tomando decis\u00e3o estrat\u00e9gica importante para o voo. De fato, cada esta\u00e7\u00e3o tem vantagens distintas que atendem diferentes perfis de passageiros. Consequentemente, a escolha influencia significativamente qualidade visual e conforto do passeio<a href=\"https:\/\/www.instagram.com\/riocopteroficial\/\" target=\"_blank\" rel=\"noopener\">.<\/a><\/p>\n<h2>Ver\u00e3o Carioca: Energia no Voo Helic\u00f3ptero Rio \u00c9poca Quente<\/h2>\n<p>O ver\u00e3o no Rio, de dezembro a mar\u00e7o, oferece experi\u00eancia cl\u00e1ssica da Cidade Maravilhosa. De fato, durante o <strong>voo helic\u00f3ptero Rio \u00e9poca<\/strong> de ver\u00e3o, voc\u00ea testemunha praias lotadas. Consequentemente, mosaicos humanos coloridos se formam ao longo de Copacabana e Ipanema<a href=\"https:\/\/www.riocopter.com.br\/blog\/fotografia-de-casamento-aerea\/\">.<\/a><\/p>\n<p>Caracter\u00edsticas do ver\u00e3o para voos:<\/p>\n<ul>\n<li>Praias lotadas criando mosaicos coloridos vivos<\/li>\n<li>Energia palp\u00e1vel da alta temporada tur\u00edstica<\/li>\n<li>Temperaturas amenizadas pela altitude e brisa<\/li>\n<li>Golden hour mais tarde devido a dias prolongados<\/li>\n<\/ul>\n<p>As temperaturas elevadas, frequentemente acima de 35\u00b0C no solo, s\u00e3o amenizadas no ar. Al\u00e9m disso, voos doors-off tornam-se especialmente refrescantes nesta \u00e9poca quente. Portanto, o vento proporciona al\u00edvio bem-vindo do calor tropical durante percurso.<\/p>\n<p>A <strong>RIOCOPTER<\/strong> recomenda voos no in\u00edcio da manh\u00e3 ou fim da tarde no ver\u00e3o. De fato, realizamos voos panor\u00e2micos com ou sem portas evitando calor intenso do meio-dia.<\/p>\n<h2>Desafios e Vantagens do Voo Helic\u00f3ptero Rio \u00c9poca Ver\u00e3o<\/h2>\n<p>O ver\u00e3o apresenta maior probabilidade de chuvas r\u00e1pidas t\u00edpicas do clima tropical carioca. No entanto, o per\u00edodo p\u00f3s-chuva oferece ar excepcionalmente limpo para o <strong>voo helic\u00f3ptero Rio \u00e9poca<\/strong> de calor. Consequentemente, visibilidade cristalina e cores intensificadas surpreendem os passageiros.<\/p>\n<p>Efeitos clim\u00e1ticos do ver\u00e3o:<\/p>\n<ul>\n<li>Chuvas r\u00e1pidas podem afetar programa\u00e7\u00e3o temporariamente<\/li>\n<li>P\u00f3s-chuva oferece ar limpo e cores vibrantes<\/li>\n<li>Floresta da Tijuca com verde intensificado<\/li>\n<li>Oceano com azul profundo excepcional<\/li>\n<\/ul>\n<p>A umidade caracter\u00edstica cria atmosfera \u00fanica durante os voos de ver\u00e3o. Al\u00e9m disso, luz difusa produz efeitos fotogr\u00e1ficos interessantes ao nascer e p\u00f4r do sol. Portanto, raios solares atravessando nuvens criam cen\u00e1rios dram\u00e1ticos sobre o Cristo.<\/p>\n<p>O ver\u00e3o \u00e9 alta temporada quando demanda aumenta significativamente nos helipontos. Consequentemente, reservar com anteced\u00eancia garante melhores hor\u00e1rios e disponibilidade adequada.<\/p>\n<h2>Inverno: Visibilidade Excepcional no Voo Helic\u00f3ptero Rio \u00c9poca Fria<\/h2>\n<p>O inverno carioca, de junho a setembro, \u00e9 surpreendentemente privilegiado para voar. De fato, temperaturas amenas raramente descem abaixo de 20\u00b0C durante o <strong>voo helic\u00f3ptero Rio \u00e9poca<\/strong> de inverno. Consequentemente, condi\u00e7\u00f5es perfeitas para passeios prolongados s\u00e3o garantidas.<\/p>\n<p>Vantagens exclusivas do inverno:<\/p>\n<ul>\n<li>Visibilidade extraordin\u00e1ria com baixa umidade<\/li>\n<li>C\u00e9us de azul profundo e intenso natural<\/li>\n<li>Contraste dram\u00e1tico com verde das montanhas<\/li>\n<li>Fotografias com cores saturadas sem edi\u00e7\u00e3o<\/li>\n<\/ul>\n<p>A baixa umidade resulta em dias com visibilidade extraordin\u00e1ria impressionante. Al\u00e9m disso, voc\u00ea enxerga detalhes distantes da Ba\u00eda de Guanabara com clareza imposs\u00edvel em outras \u00e9pocas. Portanto, os c\u00e9us de inverno criam contraste dram\u00e1tico com verde das montanhas.<\/p>\n<p>Sobrevoar Cristo Redentor durante inverno oferece condi\u00e7\u00f5es atmosf\u00e9ricas est\u00e1veis excelentes. Consequentemente, aproxima\u00e7\u00f5es suaves e contempla\u00e7\u00e3o prolongada sem turbul\u00eancia t\u00e9rmica s\u00e3o poss\u00edveis.<\/p>\n<h2>Voos Doors-Off no Voo Helic\u00f3ptero Rio \u00c9poca Inverno<\/h2>\n<p>O inverno \u00e9 \u00e9poca privilegiada para voos sem portas no <strong>voo helic\u00f3ptero Rio \u00e9poca<\/strong> mais amena. De fato, temperaturas confort\u00e1veis tornam experi\u00eancia doors-off agrad\u00e1vel sem frio intenso. Consequentemente, brisa suave \u00e9 revigorante sem ser desconfort\u00e1vel durante percurso.<\/p>\n<p>Por que inverno \u00e9 ideal para doors-off:<\/p>\n<ul>\n<li>Temperatura confort\u00e1vel durante todo percurso<\/li>\n<li>Brisa revigorante sem desconforto t\u00e9rmico<\/li>\n<li>Menor umidade reduzindo n\u00e9voa ou neblina<\/li>\n<li>Visibilidade expandida at\u00e9 Barra da Tijuca<\/li>\n<\/ul>\n<p>A menor umidade reduz significativamente forma\u00e7\u00e3o de n\u00e9voa que afeta visibilidade ocasionalmente. Al\u00e9m disso, pontos distantes permanecem vis\u00edveis expandindo alcance visual da experi\u00eancia. Portanto, praias menos lotadas revelam geografia natural com mais clareza.<\/p>\n<h2>Agenda e Disponibilidade do Voo Helic\u00f3ptero Rio \u00c9poca<\/h2>\n<p>O inverno apresenta menor demanda tur\u00edstica geral embora <strong>voo helic\u00f3ptero Rio \u00e9poca<\/strong> fria permane\u00e7a popular. De fato, conhecedores apreciam condi\u00e7\u00f5es privilegiadas desta \u00e9poca para fotografar. Consequentemente, menor procura resulta em maior flexibilidade de hor\u00e1rios dispon\u00edveis.<\/p>\n<p>Considera\u00e7\u00f5es de planejamento:<\/p>\n<ul>\n<li>Inverno: maior flexibilidade de hor\u00e1rios dispon\u00edveis<\/li>\n<li>Ver\u00e3o: requer planejamento antecipado obrigat\u00f3rio<\/li>\n<li>Festas de fim de ano: reservar semanas antes<\/li>\n<li>Carnaval: alta demanda exige anteced\u00eancia<\/li>\n<\/ul>\n<p>O ver\u00e3o sendo alta temporada requer planejamento antecipado cuidadoso para visitantes. Al\u00e9m disso, se sua visita coincide com festas ou Carnaval, reserve com v\u00e1rias semanas de anteced\u00eancia. Portanto, garante melhores hor\u00e1rios e disponibilidade adequada para fam\u00edlia.<\/p>\n<h2>Escolhendo Seu Voo Helic\u00f3ptero Rio \u00c9poca Ideal<\/h2>\n<p>Para amantes de fotografia que priorizam visibilidade m\u00e1xima, inverno oferece vantagens t\u00e9cnicas indiscut\u00edveis. De fato, cores saturadas naturalmente e c\u00e9us l\u00edmpidos criam condi\u00e7\u00f5es perfeitas para fotos. Consequentemente, n\u00e3o necessita edi\u00e7\u00e3o posterior nas imagens capturadas.<\/p>\n<p>Para quem busca energia vibrante da cidade em auge tur\u00edstico, ver\u00e3o entrega autenticidade carioca. Al\u00e9m disso, se n\u00e3o se importa com possibilidade de reagendamentos por chuva, ver\u00e3o \u00e9 ideal. Portanto, ambas esta\u00e7\u00f5es proporcionam experi\u00eancias memor\u00e1veis do <strong>voo helic\u00f3ptero Rio \u00e9poca<\/strong> escolhida.<\/p>\n<h2>Reserve Seu Voo Helic\u00f3ptero Rio \u00c9poca Perfeita<\/h2>\n<p>Capture momentos inesquec\u00edveis em qualquer \u00e9poca do ano sobre a Cidade Maravilhosa. De fato, cada esta\u00e7\u00e3o oferece sua pr\u00f3pria magia durante o <strong>voo helic\u00f3ptero Rio \u00e9poca<\/strong> selecionada. Consequentemente, a <strong>RIOCOPTER<\/strong> est\u00e1 pronta para proporcionar experi\u00eancia excepcional sempre.<\/p>\n<p>Descubra o Rio seja sob sol vibrante do ver\u00e3o ou c\u00e9us cristalinos do inverno. Portanto, entre em contato e reserve seu voo na esta\u00e7\u00e3o que mais combina com voc\u00ea.<\/p>\n<p>Em conclus\u00e3o, ambas \u00e9pocas entregar\u00e3o mem\u00f3rias que durar\u00e3o para sempre sobre o Rio. Afinal, a Cidade Maravilhosa \u00e9 espetacular em qualquer esta\u00e7\u00e3o do ano!<\/p>\n<p>&nbsp;<\/p>\n","protected":false},"excerpt":{"rendered":"<p>Ver\u00e3o ou Inverno: Qual Melhor Voo Helic\u00f3ptero Rio \u00c9poca Para Voc\u00ea? Ver\u00e3o ou Inverno? Cada &#8230; <a class=\"cz_readmore cz_readmore_no_icon\" href=\"https:\/\/www.riocopter.com.br\/blog\/verao-ou-inverno\/\"><span>Saiba Mais<\/span><\/a><\/p>\n","protected":false},"author":2,"featured_media":1594,"comment_status":"closed","ping_status":"closed","sticky":false,"template":"","format":"standard","meta":{"footnotes":""},"categories":[1],"tags":[103],"class_list":["post-1697","post","type-post","status-publish","format-standard","has-post-thumbnail","hentry","category-news","tag-verao-ou-inverno"],"yoast_head":"<!-- This site is optimized with the Yoast SEO Premium plugin v26.5 (Yoast SEO v27.5) - https:\/\/yoast.com\/product\/yoast-seo-premium-wordpress\/ -->\n<title>Ver\u00e3o ou Inverno? | RIOCOPTER - Passeios de Helic\u00f3ptero<\/title>\n<meta name=\"robots\" content=\"index, follow, max-snippet:-1, max-image-preview:large, max-video-preview:-1\" \/>\n<link rel=\"canonical\" href=\"https:\/\/www.riocopter.com.br\/blog\/verao-ou-inverno\/\" \/>\n<meta property=\"og:locale\" content=\"pt_BR\" \/>\n<meta property=\"og:type\" content=\"article\" \/>\n<meta property=\"og:title\" content=\"Ver\u00e3o ou Inverno?\" \/>\n<meta property=\"og:description\" content=\"Ver\u00e3o ou Inverno: Qual Melhor Voo Helic\u00f3ptero Rio \u00c9poca Para Voc\u00ea? Ver\u00e3o ou Inverno? Cada ... Saiba Mais\" \/>\n<meta property=\"og:url\" content=\"https:\/\/www.riocopter.com.br\/blog\/verao-ou-inverno\/\" \/>\n<meta property=\"og:site_name\" content=\"RIOCOPTER - Passeios de Helic\u00f3ptero\" \/>\n<meta property=\"article:published_time\" content=\"2025-10-02T07:44:51+00:00\" \/>\n<meta property=\"article:modified_time\" content=\"2025-12-15T19:00:57+00:00\" \/>\n<meta property=\"og:image\" content=\"https:\/\/www.riocopter.com.br\/blog\/wp-content\/uploads\/2025\/09\/jjjjjjj-1.jpg\" \/>\n\t<meta property=\"og:image:width\" content=\"1000\" \/>\n\t<meta property=\"og:image:height\" content=\"430\" \/>\n\t<meta property=\"og:image:type\" content=\"image\/jpeg\" \/>\n<meta name=\"twitter:label1\" content=\"Escrito por\" \/>\n\t<meta name=\"twitter:data1\" content=\"\" \/>\n\t<meta name=\"twitter:label2\" content=\"Est. tempo de leitura\" \/>\n\t<meta name=\"twitter:data2\" content=\"6 minutos\" \/>\n<script type=\"application\/ld+json\" class=\"yoast-schema-graph\">{\"@context\":\"https:\\\/\\\/schema.org\",\"@graph\":[{\"@type\":\"Article\",\"@id\":\"https:\\\/\\\/www.riocopter.com.br\\\/blog\\\/verao-ou-inverno\\\/#article\",\"isPartOf\":{\"@id\":\"https:\\\/\\\/www.riocopter.com.br\\\/blog\\\/verao-ou-inverno\\\/\"},\"author\":{\"name\":\"\",\"@id\":\"\"},\"headline\":\"Ver\u00e3o ou Inverno?\",\"datePublished\":\"2025-10-02T07:44:51+00:00\",\"dateModified\":\"2025-12-15T19:00:57+00:00\",\"mainEntityOfPage\":{\"@id\":\"https:\\\/\\\/www.riocopter.com.br\\\/blog\\\/verao-ou-inverno\\\/\"},\"wordCount\":1045,\"publisher\":{\"@id\":\"https:\\\/\\\/www.riocopter.com.br\\\/blog\\\/#organization\"},\"image\":{\"@id\":\"https:\\\/\\\/www.riocopter.com.br\\\/blog\\\/verao-ou-inverno\\\/#primaryimage\"},\"thumbnailUrl\":\"https:\\\/\\\/www.riocopter.com.br\\\/blog\\\/wp-content\\\/uploads\\\/2025\\\/09\\\/jjjjjjj-1.jpg\",\"keywords\":[\"Ver\u00e3o ou Inverno?\"],\"articleSection\":[\"News\"],\"inLanguage\":\"pt-BR\"},{\"@type\":\"WebPage\",\"@id\":\"https:\\\/\\\/www.riocopter.com.br\\\/blog\\\/verao-ou-inverno\\\/\",\"url\":\"https:\\\/\\\/www.riocopter.com.br\\\/blog\\\/verao-ou-inverno\\\/\",\"name\":\"Ver\u00e3o ou Inverno? | RIOCOPTER - Passeios de Helic\u00f3ptero\",\"isPartOf\":{\"@id\":\"https:\\\/\\\/www.riocopter.com.br\\\/blog\\\/#website\"},\"primaryImageOfPage\":{\"@id\":\"https:\\\/\\\/www.riocopter.com.br\\\/blog\\\/verao-ou-inverno\\\/#primaryimage\"},\"image\":{\"@id\":\"https:\\\/\\\/www.riocopter.com.br\\\/blog\\\/verao-ou-inverno\\\/#primaryimage\"},\"thumbnailUrl\":\"https:\\\/\\\/www.riocopter.com.br\\\/blog\\\/wp-content\\\/uploads\\\/2025\\\/09\\\/jjjjjjj-1.jpg\",\"datePublished\":\"2025-10-02T07:44:51+00:00\",\"dateModified\":\"2025-12-15T19:00:57+00:00\",\"breadcrumb\":{\"@id\":\"https:\\\/\\\/www.riocopter.com.br\\\/blog\\\/verao-ou-inverno\\\/#breadcrumb\"},\"inLanguage\":\"pt-BR\",\"potentialAction\":[{\"@type\":\"ReadAction\",\"target\":[\"https:\\\/\\\/www.riocopter.com.br\\\/blog\\\/verao-ou-inverno\\\/\"]}]},{\"@type\":\"ImageObject\",\"inLanguage\":\"pt-BR\",\"@id\":\"https:\\\/\\\/www.riocopter.com.br\\\/blog\\\/verao-ou-inverno\\\/#primaryimage\",\"url\":\"https:\\\/\\\/www.riocopter.com.br\\\/blog\\\/wp-content\\\/uploads\\\/2025\\\/09\\\/jjjjjjj-1.jpg\",\"contentUrl\":\"https:\\\/\\\/www.riocopter.com.br\\\/blog\\\/wp-content\\\/uploads\\\/2025\\\/09\\\/jjjjjjj-1.jpg\",\"width\":1000,\"height\":430,\"caption\":\"Lagoa Rodrigo de Freitas: O Espelho d'\u00c1gua Mais Charmoso do Rio Visto do Alto\"},{\"@type\":\"BreadcrumbList\",\"@id\":\"https:\\\/\\\/www.riocopter.com.br\\\/blog\\\/verao-ou-inverno\\\/#breadcrumb\",\"itemListElement\":[{\"@type\":\"ListItem\",\"position\":1,\"name\":\"In\u00edcio\",\"item\":\"https:\\\/\\\/www.riocopter.com.br\\\/blog\\\/\"},{\"@type\":\"ListItem\",\"position\":2,\"name\":\"Ver\u00e3o ou Inverno?\"}]},{\"@type\":\"WebSite\",\"@id\":\"https:\\\/\\\/www.riocopter.com.br\\\/blog\\\/#website\",\"url\":\"https:\\\/\\\/www.riocopter.com.br\\\/blog\\\/\",\"name\":\"RIOCOPTER - Passeio de Helic\u00f3ptero\",\"description\":\"Passeio de Helic\u00f3ptero\",\"publisher\":{\"@id\":\"https:\\\/\\\/www.riocopter.com.br\\\/blog\\\/#organization\"},\"alternateName\":\"RIOCOPTER\",\"potentialAction\":[{\"@type\":\"SearchAction\",\"target\":{\"@type\":\"EntryPoint\",\"urlTemplate\":\"https:\\\/\\\/www.riocopter.com.br\\\/blog\\\/?s={search_term_string}\"},\"query-input\":{\"@type\":\"PropertyValueSpecification\",\"valueRequired\":true,\"valueName\":\"search_term_string\"}}],\"inLanguage\":\"pt-BR\"},{\"@type\":\"Organization\",\"@id\":\"https:\\\/\\\/www.riocopter.com.br\\\/blog\\\/#organization\",\"name\":\"RIOCOPTER - Passeios de Helic\u00f3ptero\",\"url\":\"https:\\\/\\\/www.riocopter.com.br\\\/blog\\\/\",\"logo\":{\"@type\":\"ImageObject\",\"inLanguage\":\"pt-BR\",\"@id\":\"https:\\\/\\\/www.riocopter.com.br\\\/blog\\\/#\\\/schema\\\/logo\\\/image\\\/\",\"url\":\"https:\\\/\\\/www.riocopter.com.br\\\/blog\\\/wp-content\\\/uploads\\\/2025\\\/06\\\/Logo_header.png\",\"contentUrl\":\"https:\\\/\\\/www.riocopter.com.br\\\/blog\\\/wp-content\\\/uploads\\\/2025\\\/06\\\/Logo_header.png\",\"width\":550,\"height\":128,\"caption\":\"RIOCOPTER - Passeios de Helic\u00f3ptero\"},\"image\":{\"@id\":\"https:\\\/\\\/www.riocopter.com.br\\\/blog\\\/#\\\/schema\\\/logo\\\/image\\\/\"},\"sameAs\":[\"https:\\\/\\\/www.instagram.com\\\/riocopteroficial\\\/\"]},{\"@type\":\"Person\",\"@id\":\"\"}]}<\/script>\n<!-- \/ Yoast SEO Premium plugin. -->","yoast_head_json":{"title":"Ver\u00e3o ou Inverno? | RIOCOPTER - Passeios de Helic\u00f3ptero","robots":{"index":"index","follow":"follow","max-snippet":"max-snippet:-1","max-image-preview":"max-image-preview:large","max-video-preview":"max-video-preview:-1"},"canonical":"https:\/\/www.riocopter.com.br\/blog\/verao-ou-inverno\/","og_locale":"pt_BR","og_type":"article","og_title":"Ver\u00e3o ou Inverno?","og_description":"Ver\u00e3o ou Inverno: Qual Melhor Voo Helic\u00f3ptero Rio \u00c9poca Para Voc\u00ea? Ver\u00e3o ou Inverno? Cada ... Saiba Mais","og_url":"https:\/\/www.riocopter.com.br\/blog\/verao-ou-inverno\/","og_site_name":"RIOCOPTER - Passeios de Helic\u00f3ptero","article_published_time":"2025-10-02T07:44:51+00:00","article_modified_time":"2025-12-15T19:00:57+00:00","og_image":[{"width":1000,"height":430,"url":"https:\/\/www.riocopter.com.br\/blog\/wp-content\/uploads\/2025\/09\/jjjjjjj-1.jpg","type":"image\/jpeg"}],"twitter_misc":{"Escrito por":"","Est. tempo de leitura":"6 minutos"},"schema":{"@context":"https:\/\/schema.org","@graph":[{"@type":"Article","@id":"https:\/\/www.riocopter.com.br\/blog\/verao-ou-inverno\/#article","isPartOf":{"@id":"https:\/\/www.riocopter.com.br\/blog\/verao-ou-inverno\/"},"author":{"name":"","@id":""},"headline":"Ver\u00e3o ou Inverno?","datePublished":"2025-10-02T07:44:51+00:00","dateModified":"2025-12-15T19:00:57+00:00","mainEntityOfPage":{"@id":"https:\/\/www.riocopter.com.br\/blog\/verao-ou-inverno\/"},"wordCount":1045,"publisher":{"@id":"https:\/\/www.riocopter.com.br\/blog\/#organization"},"image":{"@id":"https:\/\/www.riocopter.com.br\/blog\/verao-ou-inverno\/#primaryimage"},"thumbnailUrl":"https:\/\/www.riocopter.com.br\/blog\/wp-content\/uploads\/2025\/09\/jjjjjjj-1.jpg","keywords":["Ver\u00e3o ou Inverno?"],"articleSection":["News"],"inLanguage":"pt-BR"},{"@type":"WebPage","@id":"https:\/\/www.riocopter.com.br\/blog\/verao-ou-inverno\/","url":"https:\/\/www.riocopter.com.br\/blog\/verao-ou-inverno\/","name":"Ver\u00e3o ou Inverno? | RIOCOPTER - Passeios de Helic\u00f3ptero","isPartOf":{"@id":"https:\/\/www.riocopter.com.br\/blog\/#website"},"primaryImageOfPage":{"@id":"https:\/\/www.riocopter.com.br\/blog\/verao-ou-inverno\/#primaryimage"},"image":{"@id":"https:\/\/www.riocopter.com.br\/blog\/verao-ou-inverno\/#primaryimage"},"thumbnailUrl":"https:\/\/www.riocopter.com.br\/blog\/wp-content\/uploads\/2025\/09\/jjjjjjj-1.jpg","datePublished":"2025-10-02T07:44:51+00:00","dateModified":"2025-12-15T19:00:57+00:00","breadcrumb":{"@id":"https:\/\/www.riocopter.com.br\/blog\/verao-ou-inverno\/#breadcrumb"},"inLanguage":"pt-BR","potentialAction":[{"@type":"ReadAction","target":["https:\/\/www.riocopter.com.br\/blog\/verao-ou-inverno\/"]}]},{"@type":"ImageObject","inLanguage":"pt-BR","@id":"https:\/\/www.riocopter.com.br\/blog\/verao-ou-inverno\/#primaryimage","url":"https:\/\/www.riocopter.com.br\/blog\/wp-content\/uploads\/2025\/09\/jjjjjjj-1.jpg","contentUrl":"https:\/\/www.riocopter.com.br\/blog\/wp-content\/uploads\/2025\/09\/jjjjjjj-1.jpg","width":1000,"height":430,"caption":"Lagoa Rodrigo de Freitas: O Espelho d'\u00c1gua Mais Charmoso do Rio Visto do Alto"},{"@type":"BreadcrumbList","@id":"https:\/\/www.riocopter.com.br\/blog\/verao-ou-inverno\/#breadcrumb","itemListElement":[{"@type":"ListItem","position":1,"name":"In\u00edcio","item":"https:\/\/www.riocopter.com.br\/blog\/"},{"@type":"ListItem","position":2,"name":"Ver\u00e3o ou Inverno?"}]},{"@type":"WebSite","@id":"https:\/\/www.riocopter.com.br\/blog\/#website","url":"https:\/\/www.riocopter.com.br\/blog\/","name":"RIOCOPTER - Passeio de Helic\u00f3ptero","description":"Passeio de Helic\u00f3ptero","publisher":{"@id":"https:\/\/www.riocopter.com.br\/blog\/#organization"},"alternateName":"RIOCOPTER","potentialAction":[{"@type":"SearchAction","target":{"@type":"EntryPoint","urlTemplate":"https:\/\/www.riocopter.com.br\/blog\/?s={search_term_string}"},"query-input":{"@type":"PropertyValueSpecification","valueRequired":true,"valueName":"search_term_string"}}],"inLanguage":"pt-BR"},{"@type":"Organization","@id":"https:\/\/www.riocopter.com.br\/blog\/#organization","name":"RIOCOPTER - Passeios de Helic\u00f3ptero","url":"https:\/\/www.riocopter.com.br\/blog\/","logo":{"@type":"ImageObject","inLanguage":"pt-BR","@id":"https:\/\/www.riocopter.com.br\/blog\/#\/schema\/logo\/image\/","url":"https:\/\/www.riocopter.com.br\/blog\/wp-content\/uploads\/2025\/06\/Logo_header.png","contentUrl":"https:\/\/www.riocopter.com.br\/blog\/wp-content\/uploads\/2025\/06\/Logo_header.png","width":550,"height":128,"caption":"RIOCOPTER - Passeios de Helic\u00f3ptero"},"image":{"@id":"https:\/\/www.riocopter.com.br\/blog\/#\/schema\/logo\/image\/"},"sameAs":["https:\/\/www.instagram.com\/riocopteroficial\/"]},{"@type":"Person","@id":""}]}},"_links":{"self":[{"href":"https:\/\/www.riocopter.com.br\/blog\/wp-json\/wp\/v2\/posts\/1697","targetHints":{"allow":["GET"]}}],"collection":[{"href":"https:\/\/www.riocopter.com.br\/blog\/wp-json\/wp\/v2\/posts"}],"about":[{"href":"https:\/\/www.riocopter.com.br\/blog\/wp-json\/wp\/v2\/types\/post"}],"author":[{"embeddable":true,"href":"https:\/\/www.riocopter.com.br\/blog\/wp-json\/wp\/v2\/users\/2"}],"replies":[{"embeddable":true,"href":"https:\/\/www.riocopter.com.br\/blog\/wp-json\/wp\/v2\/comments?post=1697"}],"version-history":[{"count":0,"href":"https:\/\/www.riocopter.com.br\/blog\/wp-json\/wp\/v2\/posts\/1697\/revisions"}],"wp:featuredmedia":[{"embeddable":true,"href":"https:\/\/www.riocopter.com.br\/blog\/wp-json\/wp\/v2\/media\/1594"}],"wp:attachment":[{"href":"https:\/\/www.riocopter.com.br\/blog\/wp-json\/wp\/v2\/media?parent=1697"}],"wp:term":[{"taxonomy":"category","embeddable":true,"href":"https:\/\/www.riocopter.com.br\/blog\/wp-json\/wp\/v2\/categories?post=1697"},{"taxonomy":"post_tag","embeddable":true,"href":"https:\/\/www.riocopter.com.br\/blog\/wp-json\/wp\/v2\/tags?post=1697"}],"curies":[{"name":"wp","href":"https:\/\/api.w.org\/{rel}","templated":true}]}}