{"id":1693,"date":"2025-10-01T11:51:07","date_gmt":"2025-10-01T11:51:07","guid":{"rendered":"https:\/\/www.riocopter.com.br\/blog\/?p=1693"},"modified":"2025-12-15T19:03:14","modified_gmt":"2025-12-15T19:03:14","slug":"historia-do-rio-de-janeiro-contada-do-alto","status":"publish","type":"post","link":"https:\/\/www.riocopter.com.br\/blog\/historia-do-rio-de-janeiro-contada-do-alto\/","title":{"rendered":"Hist\u00f3ria do Rio de Janeiro Contada do Alto"},"content":{"rendered":"<h1>Hist\u00f3ria do Rio Contada do Alto: Voo Helic\u00f3ptero Rio Hist\u00f3ria<\/h1>\n<p>Hist\u00f3ria do Rio de Janeiro Contada do Alto. A hist\u00f3ria do Rio ganha nova dimens\u00e3o quando contemplada de cima atrav\u00e9s do <strong>voo helic\u00f3ptero Rio hist\u00f3ria<\/strong>. De fato, n\u00e3o \u00e9 apenas experi\u00eancia tur\u00edstica mas verdadeira aula de hist\u00f3ria viva. Consequentemente, cada forma\u00e7\u00e3o geogr\u00e1fica e constru\u00e7\u00e3o hist\u00f3rica conta cap\u00edtulos fascinantes da evolu\u00e7\u00e3o. Portanto, sobrevoar Centro Hist\u00f3rico e Ba\u00eda de Guanabara \u00e9 testemunhar quinhentos anos de transforma\u00e7\u00e3o<a href=\"https:\/\/www.riocopter.com.br\/\" rel=\"noopener\">.<\/a><\/p>\n<p>Quando voc\u00ea pensa em cultura e educa\u00e7\u00e3o, est\u00e1 escolhendo forma \u00fanica de conectar-se com as ra\u00edzes. De fato, a perspectiva dos c\u00e9us revela padr\u00f5es urbanos e decis\u00f5es arquitet\u00f4nicas imposs\u00edveis de perceber do solo. Consequentemente, a hist\u00f3ria se torna visual e compreens\u00edvel instantaneamente<a href=\"https:\/\/www.instagram.com\/riocopteroficial\/\" target=\"_blank\" rel=\"noopener\">.<\/a><\/p>\n<h2>Ba\u00eda de Guanabara: Portal no Voo Helic\u00f3ptero Rio Hist\u00f3ria<\/h2>\n<p>A Ba\u00eda de Guanabara foi ponto de entrada que mudou o destino do Brasil permanentemente. De fato, durante o <strong>voo helic\u00f3ptero Rio hist\u00f3ria<\/strong>, voc\u00ea contempla exatamente a mesma vis\u00e3o dos navegadores portugueses de 1502. Consequentemente, entende por que confundiram a ba\u00eda com foz de rio e batizaram o local<a href=\"https:\/\/www.riocopter.com.br\/blog\/celebre-momentos-especiais-com-um-voo-de-helicoptero-no-rio-de-janeiro\/\">.<\/a><\/p>\n<p>Elementos hist\u00f3ricos vis\u00edveis da ba\u00eda:<\/p>\n<ul>\n<li>Formato natural criando porto protegido ideal<\/li>\n<li>Posi\u00e7\u00e3o estrat\u00e9gica que atraiu colonizadores<\/li>\n<li>Rota do ouro de Minas Gerais passando obrigatoriamente<\/li>\n<li>Ilhas e fortalezas que protegeram a entrada<\/li>\n<\/ul>\n<p>Vista do alto, a ba\u00eda revela import\u00e2ncia estrat\u00e9gica que definiu desenvolvimento urbano por s\u00e9culos. Al\u00e9m disso, o formato natural transformou o Rio em porta de entrada para riquezas do interior brasileiro. Portanto, a geografia moldou destinos que repercutem at\u00e9 hoje.<\/p>\n<p>A <strong>RIOCOPTER<\/strong> oferece perspectiva \u00fanica deste palco hist\u00f3rico completamente. De fato, realizamos voos panor\u00e2micos com ou sem portas permitindo compreens\u00e3o visual da hist\u00f3ria.<\/p>\n<h2>Centro Hist\u00f3rico no Voo Helic\u00f3ptero Rio Hist\u00f3ria<\/h2>\n<p>O Centro Hist\u00f3rico visto durante o <strong>voo helic\u00f3ptero Rio hist\u00f3ria<\/strong> revela organiza\u00e7\u00e3o urbana colonial preservada. De fato, a malha irregular das ruas antigas contrasta dramaticamente com tra\u00e7ados retil\u00edneos posteriores. Consequentemente, um mosaico visual conta hist\u00f3ria do crescimento urbano atrav\u00e9s dos s\u00e9culos.<\/p>\n<p>Marcos hist\u00f3ricos vis\u00edveis do Centro:<\/p>\n<ul>\n<li>Igrejas hist\u00f3ricas pontuando paisagem com torres e c\u00fapulas<\/li>\n<li>Mosteiro de S\u00e3o Bento e Igreja da Candel\u00e1ria<\/li>\n<li>Templos barrocos documentando arte colonial<\/li>\n<li>Pa\u00e7o Imperial, resid\u00eancia da fam\u00edlia real portuguesa<\/li>\n<\/ul>\n<p>Igrejas hist\u00f3ricas pontuam a paisagem com suas torres que foram os pontos mais altos da cidade. Al\u00e9m disso, o Pa\u00e7o Imperial permanece como testemunho do per\u00edodo em que Rio foi capital do imp\u00e9rio portugu\u00eas. Portanto, sobrevoar esta regi\u00e3o \u00e9 voar sobre epicentro pol\u00edtico que comandou imp\u00e9rio intercontinental.<\/p>\n<h2>Cristo Redentor e P\u00e3o de A\u00e7\u00facar no Voo Helic\u00f3ptero Rio Hist\u00f3ria<\/h2>\n<p>O Cristo Redentor inaugurado em 1931 representa era moderna do Rio e sua import\u00e2ncia cultural. De fato, durante o <strong>voo helic\u00f3ptero Rio hist\u00f3ria<\/strong>, voc\u00ea observa como o monumento foi estrategicamente posicionado. Consequentemente, \u00e9 vis\u00edvel de praticamente toda a cidade por decis\u00e3o genial de design urbano.<\/p>\n<p>Significados hist\u00f3ricos dos dois \u00edcones:<\/p>\n<ul>\n<li>Cristo Redentor: s\u00edmbolo art d\u00e9co da era moderna<\/li>\n<li>Engenharia desafiadora dos anos 1920 limitados<\/li>\n<li>P\u00e3o de A\u00e7\u00facar: \u00edcone natural desde funda\u00e7\u00e3o<\/li>\n<li>Refer\u00eancia para navega\u00e7\u00e3o mar\u00edtima por s\u00e9culos<\/li>\n<\/ul>\n<p>Sobrevoar o Cristo permite compreender engenharia desafiadora necess\u00e1ria para construir no topo \u00edngreme. Al\u00e9m disso, o P\u00e3o de A\u00e7\u00facar tem sido \u00edcone desde funda\u00e7\u00e3o da cidade guiando navios para porto seguro. Portanto, seu nome deriva dos blocos de a\u00e7\u00facar refinado exportados do Brasil colonial.<\/p>\n<h2>Evolu\u00e7\u00e3o Urbana no Voo Helic\u00f3ptero Rio Hist\u00f3ria<\/h2>\n<p>A perspectiva a\u00e9rea do <strong>voo helic\u00f3ptero Rio hist\u00f3ria<\/strong> revela claramente diferentes per\u00edodos de expans\u00e3o. De fato, Copacabana representa primeiro grande movimento em dire\u00e7\u00e3o \u00e0s praias oce\u00e2nicas no s\u00e9culo XX. Consequentemente, t\u00faneis conectaram finalmente a Zona Sul ao centro da cidade.<\/p>\n<p>Per\u00edodos de expans\u00e3o vis\u00edveis do alto:<\/p>\n<ul>\n<li>Copacabana: in\u00edcio do s\u00e9culo XX, primeiro movimento<\/li>\n<li>Ipanema e Leblon: sofistica\u00e7\u00e3o dos anos 1950-60<\/li>\n<li>Lagoa Rodrigo de Freitas: cora\u00e7\u00e3o verde preservado<\/li>\n<li>Barra da Tijuca: expans\u00e3o recente p\u00f3s anos 1970<\/li>\n<\/ul>\n<p>Ipanema e Leblon documentam sofistica\u00e7\u00e3o urban\u00edstica dos anos 1950 e 1960 com tra\u00e7ados organizados. Al\u00e9m disso, edif\u00edcios modernistas definiram arquitetura brasileira mundialmente nessa \u00e9poca. Portanto, a Barra da Tijuca representa expans\u00e3o mais recente simbolizando nova fase do desenvolvimento.<\/p>\n<h2>Floresta da Tijuca no Voo Helic\u00f3ptero Rio Hist\u00f3ria<\/h2>\n<p>A Floresta da Tijuca vista do alto conta hist\u00f3ria ambiental not\u00e1vel e inspiradora. De fato, durante o <strong>voo helic\u00f3ptero Rio hist\u00f3ria<\/strong>, voc\u00ea observa resultado de reflorestamento pioneiro do s\u00e9culo XIX. Consequentemente, n\u00e3o \u00e9 floresta prim\u00e1ria mas projeto vision\u00e1rio de Dom Pedro II.<\/p>\n<p>Hist\u00f3ria ambiental da Tijuca:<\/p>\n<ul>\n<li>Desmatamento para caf\u00e9 quase destruiu abastecimento de \u00e1gua<\/li>\n<li>Dom Pedro II ordenou replanta\u00e7\u00e3o massiva no s\u00e9culo XIX<\/li>\n<li>Um dos primeiros reflorestamentos do mundo<\/li>\n<li>Testemunho verde de que recupera\u00e7\u00e3o ambiental \u00e9 poss\u00edvel<\/li>\n<\/ul>\n<p>Ap\u00f3s desmatamento para planta\u00e7\u00f5es de caf\u00e9 quase destruir abastecimento de \u00e1gua, a replanta\u00e7\u00e3o foi ordenada. Al\u00e9m disso, voc\u00ea observa sucesso extraordin\u00e1rio que transformou morros devastados em floresta exuberante. Portanto, \u00e9 testemunho de que recupera\u00e7\u00e3o ambiental \u00e9 poss\u00edvel com vontade pol\u00edtica.<\/p>\n<h2>Maracan\u00e3 no Voo Helic\u00f3ptero Rio Hist\u00f3ria<\/h2>\n<p>O Est\u00e1dio do Maracan\u00e3 inaugurado para Copa do Mundo de 1950 representa paix\u00e3o nacional pelo futebol. De fato, visto durante o <strong>voo helic\u00f3ptero Rio hist\u00f3ria<\/strong>, sua estrutura circular documenta ambi\u00e7\u00f5es arquitet\u00f4nicas do Brasil moderno. Consequentemente, foi o maior est\u00e1dio do mundo por d\u00e9cadas.<\/p>\n<p>Este templo do futebol testemunhou momentos hist\u00f3ricos que definiram cultura esportiva brasileira e mundial. Al\u00e9m disso, desde a traum\u00e1tica final de 1950 at\u00e9 conquistas gloriosas posteriores, tudo aconteceu aqui. Portanto, \u00e9 s\u00edmbolo cultural que transcende o esporte em si.<\/p>\n<h2>Reserve Seu Voo Helic\u00f3ptero Rio Hist\u00f3ria Hoje<\/h2>\n<p>Capture momentos inesquec\u00edveis enquanto voa atrav\u00e9s do tempo sobre a Cidade Maravilhosa. De fato, o <strong>voo helic\u00f3ptero Rio hist\u00f3ria<\/strong> transforma turismo em educa\u00e7\u00e3o hist\u00f3rica viva e emocionante. Consequentemente, a <strong>RIOCOPTER<\/strong> est\u00e1 pronta para proporcionar essa experi\u00eancia \u00fanica.<\/p>\n<p>Descubra como geografia, decis\u00f5es pol\u00edticas e vis\u00e3o urban\u00edstica moldaram o Rio fascinante. Portanto, entre em contato e reserve seu voo cultural sobre a cidade.<\/p>\n<p>Em conclus\u00e3o, observe s\u00e9culos de hist\u00f3ria condensados em perspectiva a\u00e9rea privilegiada. Afinal, conhecer a hist\u00f3ria do Rio de cima \u00e9 compreend\u00ea-la de forma \u00fanica!<\/p>\n<p>&nbsp;<\/p>\n","protected":false},"excerpt":{"rendered":"<p>Hist\u00f3ria do Rio Contada do Alto: Voo Helic\u00f3ptero Rio Hist\u00f3ria Hist\u00f3ria do Rio de Janeiro &#8230; <a class=\"cz_readmore cz_readmore_no_icon\" href=\"https:\/\/www.riocopter.com.br\/blog\/historia-do-rio-de-janeiro-contada-do-alto\/\"><span>Saiba Mais<\/span><\/a><\/p>\n","protected":false},"author":2,"featured_media":1557,"comment_status":"closed","ping_status":"closed","sticky":false,"template":"","format":"standard","meta":{"footnotes":""},"categories":[1],"tags":[105],"class_list":["post-1693","post","type-post","status-publish","format-standard","has-post-thumbnail","hentry","category-news","tag-historia-do-rio-de-janeiro-contada-do-alto"],"yoast_head":"<!-- This site is optimized with the Yoast SEO Premium plugin v26.5 (Yoast SEO v27.5) - https:\/\/yoast.com\/product\/yoast-seo-premium-wordpress\/ -->\n<title>Hist\u00f3ria do Rio de Janeiro Contada do Alto | RIOCOPTER - Passeios de Helic\u00f3ptero<\/title>\n<meta name=\"robots\" content=\"index, follow, max-snippet:-1, max-image-preview:large, max-video-preview:-1\" \/>\n<link rel=\"canonical\" href=\"https:\/\/www.riocopter.com.br\/blog\/historia-do-rio-de-janeiro-contada-do-alto\/\" \/>\n<meta property=\"og:locale\" content=\"pt_BR\" \/>\n<meta property=\"og:type\" content=\"article\" \/>\n<meta property=\"og:title\" content=\"Hist\u00f3ria do Rio de Janeiro Contada do Alto\" \/>\n<meta property=\"og:description\" content=\"Hist\u00f3ria do Rio Contada do Alto: Voo Helic\u00f3ptero Rio Hist\u00f3ria Hist\u00f3ria do Rio de Janeiro ... Saiba Mais\" \/>\n<meta property=\"og:url\" content=\"https:\/\/www.riocopter.com.br\/blog\/historia-do-rio-de-janeiro-contada-do-alto\/\" \/>\n<meta property=\"og:site_name\" content=\"RIOCOPTER - Passeios de Helic\u00f3ptero\" \/>\n<meta property=\"article:published_time\" content=\"2025-10-01T11:51:07+00:00\" \/>\n<meta property=\"article:modified_time\" content=\"2025-12-15T19:03:14+00:00\" \/>\n<meta property=\"og:image\" content=\"https:\/\/www.riocopter.com.br\/blog\/wp-content\/uploads\/2025\/09\/xxxxxxx.jpg\" \/>\n\t<meta property=\"og:image:width\" content=\"1000\" \/>\n\t<meta property=\"og:image:height\" content=\"430\" \/>\n\t<meta property=\"og:image:type\" content=\"image\/jpeg\" \/>\n<meta name=\"twitter:label1\" content=\"Escrito por\" \/>\n\t<meta name=\"twitter:data1\" content=\"\" \/>\n\t<meta name=\"twitter:label2\" content=\"Est. tempo de leitura\" \/>\n\t<meta name=\"twitter:data2\" content=\"6 minutos\" \/>\n<script type=\"application\/ld+json\" class=\"yoast-schema-graph\">{\"@context\":\"https:\\\/\\\/schema.org\",\"@graph\":[{\"@type\":\"Article\",\"@id\":\"https:\\\/\\\/www.riocopter.com.br\\\/blog\\\/historia-do-rio-de-janeiro-contada-do-alto\\\/#article\",\"isPartOf\":{\"@id\":\"https:\\\/\\\/www.riocopter.com.br\\\/blog\\\/historia-do-rio-de-janeiro-contada-do-alto\\\/\"},\"author\":{\"name\":\"\",\"@id\":\"\"},\"headline\":\"Hist\u00f3ria do Rio de Janeiro Contada do Alto\",\"datePublished\":\"2025-10-01T11:51:07+00:00\",\"dateModified\":\"2025-12-15T19:03:14+00:00\",\"mainEntityOfPage\":{\"@id\":\"https:\\\/\\\/www.riocopter.com.br\\\/blog\\\/historia-do-rio-de-janeiro-contada-do-alto\\\/\"},\"wordCount\":1136,\"publisher\":{\"@id\":\"https:\\\/\\\/www.riocopter.com.br\\\/blog\\\/#organization\"},\"image\":{\"@id\":\"https:\\\/\\\/www.riocopter.com.br\\\/blog\\\/historia-do-rio-de-janeiro-contada-do-alto\\\/#primaryimage\"},\"thumbnailUrl\":\"https:\\\/\\\/www.riocopter.com.br\\\/blog\\\/wp-content\\\/uploads\\\/2025\\\/09\\\/xxxxxxx.jpg\",\"keywords\":[\"Hist\u00f3ria do Rio de Janeiro Contada do Alto\"],\"articleSection\":[\"News\"],\"inLanguage\":\"pt-BR\"},{\"@type\":\"WebPage\",\"@id\":\"https:\\\/\\\/www.riocopter.com.br\\\/blog\\\/historia-do-rio-de-janeiro-contada-do-alto\\\/\",\"url\":\"https:\\\/\\\/www.riocopter.com.br\\\/blog\\\/historia-do-rio-de-janeiro-contada-do-alto\\\/\",\"name\":\"Hist\u00f3ria do Rio de Janeiro Contada do Alto | RIOCOPTER - Passeios de Helic\u00f3ptero\",\"isPartOf\":{\"@id\":\"https:\\\/\\\/www.riocopter.com.br\\\/blog\\\/#website\"},\"primaryImageOfPage\":{\"@id\":\"https:\\\/\\\/www.riocopter.com.br\\\/blog\\\/historia-do-rio-de-janeiro-contada-do-alto\\\/#primaryimage\"},\"image\":{\"@id\":\"https:\\\/\\\/www.riocopter.com.br\\\/blog\\\/historia-do-rio-de-janeiro-contada-do-alto\\\/#primaryimage\"},\"thumbnailUrl\":\"https:\\\/\\\/www.riocopter.com.br\\\/blog\\\/wp-content\\\/uploads\\\/2025\\\/09\\\/xxxxxxx.jpg\",\"datePublished\":\"2025-10-01T11:51:07+00:00\",\"dateModified\":\"2025-12-15T19:03:14+00:00\",\"breadcrumb\":{\"@id\":\"https:\\\/\\\/www.riocopter.com.br\\\/blog\\\/historia-do-rio-de-janeiro-contada-do-alto\\\/#breadcrumb\"},\"inLanguage\":\"pt-BR\",\"potentialAction\":[{\"@type\":\"ReadAction\",\"target\":[\"https:\\\/\\\/www.riocopter.com.br\\\/blog\\\/historia-do-rio-de-janeiro-contada-do-alto\\\/\"]}]},{\"@type\":\"ImageObject\",\"inLanguage\":\"pt-BR\",\"@id\":\"https:\\\/\\\/www.riocopter.com.br\\\/blog\\\/historia-do-rio-de-janeiro-contada-do-alto\\\/#primaryimage\",\"url\":\"https:\\\/\\\/www.riocopter.com.br\\\/blog\\\/wp-content\\\/uploads\\\/2025\\\/09\\\/xxxxxxx.jpg\",\"contentUrl\":\"https:\\\/\\\/www.riocopter.com.br\\\/blog\\\/wp-content\\\/uploads\\\/2025\\\/09\\\/xxxxxxx.jpg\",\"width\":1000,\"height\":430},{\"@type\":\"BreadcrumbList\",\"@id\":\"https:\\\/\\\/www.riocopter.com.br\\\/blog\\\/historia-do-rio-de-janeiro-contada-do-alto\\\/#breadcrumb\",\"itemListElement\":[{\"@type\":\"ListItem\",\"position\":1,\"name\":\"In\u00edcio\",\"item\":\"https:\\\/\\\/www.riocopter.com.br\\\/blog\\\/\"},{\"@type\":\"ListItem\",\"position\":2,\"name\":\"Hist\u00f3ria do Rio de Janeiro Contada do Alto\"}]},{\"@type\":\"WebSite\",\"@id\":\"https:\\\/\\\/www.riocopter.com.br\\\/blog\\\/#website\",\"url\":\"https:\\\/\\\/www.riocopter.com.br\\\/blog\\\/\",\"name\":\"RIOCOPTER - Passeio de Helic\u00f3ptero\",\"description\":\"Passeio de Helic\u00f3ptero\",\"publisher\":{\"@id\":\"https:\\\/\\\/www.riocopter.com.br\\\/blog\\\/#organization\"},\"alternateName\":\"RIOCOPTER\",\"potentialAction\":[{\"@type\":\"SearchAction\",\"target\":{\"@type\":\"EntryPoint\",\"urlTemplate\":\"https:\\\/\\\/www.riocopter.com.br\\\/blog\\\/?s={search_term_string}\"},\"query-input\":{\"@type\":\"PropertyValueSpecification\",\"valueRequired\":true,\"valueName\":\"search_term_string\"}}],\"inLanguage\":\"pt-BR\"},{\"@type\":\"Organization\",\"@id\":\"https:\\\/\\\/www.riocopter.com.br\\\/blog\\\/#organization\",\"name\":\"RIOCOPTER - Passeios de Helic\u00f3ptero\",\"url\":\"https:\\\/\\\/www.riocopter.com.br\\\/blog\\\/\",\"logo\":{\"@type\":\"ImageObject\",\"inLanguage\":\"pt-BR\",\"@id\":\"https:\\\/\\\/www.riocopter.com.br\\\/blog\\\/#\\\/schema\\\/logo\\\/image\\\/\",\"url\":\"https:\\\/\\\/www.riocopter.com.br\\\/blog\\\/wp-content\\\/uploads\\\/2025\\\/06\\\/Logo_header.png\",\"contentUrl\":\"https:\\\/\\\/www.riocopter.com.br\\\/blog\\\/wp-content\\\/uploads\\\/2025\\\/06\\\/Logo_header.png\",\"width\":550,\"height\":128,\"caption\":\"RIOCOPTER - Passeios de Helic\u00f3ptero\"},\"image\":{\"@id\":\"https:\\\/\\\/www.riocopter.com.br\\\/blog\\\/#\\\/schema\\\/logo\\\/image\\\/\"},\"sameAs\":[\"https:\\\/\\\/www.instagram.com\\\/riocopteroficial\\\/\"]},{\"@type\":\"Person\",\"@id\":\"\"}]}<\/script>\n<!-- \/ Yoast SEO Premium plugin. -->","yoast_head_json":{"title":"Hist\u00f3ria do Rio de Janeiro Contada do Alto | RIOCOPTER - Passeios de Helic\u00f3ptero","robots":{"index":"index","follow":"follow","max-snippet":"max-snippet:-1","max-image-preview":"max-image-preview:large","max-video-preview":"max-video-preview:-1"},"canonical":"https:\/\/www.riocopter.com.br\/blog\/historia-do-rio-de-janeiro-contada-do-alto\/","og_locale":"pt_BR","og_type":"article","og_title":"Hist\u00f3ria do Rio de Janeiro Contada do Alto","og_description":"Hist\u00f3ria do Rio Contada do Alto: Voo Helic\u00f3ptero Rio Hist\u00f3ria Hist\u00f3ria do Rio de Janeiro ... Saiba Mais","og_url":"https:\/\/www.riocopter.com.br\/blog\/historia-do-rio-de-janeiro-contada-do-alto\/","og_site_name":"RIOCOPTER - Passeios de Helic\u00f3ptero","article_published_time":"2025-10-01T11:51:07+00:00","article_modified_time":"2025-12-15T19:03:14+00:00","og_image":[{"width":1000,"height":430,"url":"https:\/\/www.riocopter.com.br\/blog\/wp-content\/uploads\/2025\/09\/xxxxxxx.jpg","type":"image\/jpeg"}],"twitter_misc":{"Escrito por":"","Est. tempo de leitura":"6 minutos"},"schema":{"@context":"https:\/\/schema.org","@graph":[{"@type":"Article","@id":"https:\/\/www.riocopter.com.br\/blog\/historia-do-rio-de-janeiro-contada-do-alto\/#article","isPartOf":{"@id":"https:\/\/www.riocopter.com.br\/blog\/historia-do-rio-de-janeiro-contada-do-alto\/"},"author":{"name":"","@id":""},"headline":"Hist\u00f3ria do Rio de Janeiro Contada do Alto","datePublished":"2025-10-01T11:51:07+00:00","dateModified":"2025-12-15T19:03:14+00:00","mainEntityOfPage":{"@id":"https:\/\/www.riocopter.com.br\/blog\/historia-do-rio-de-janeiro-contada-do-alto\/"},"wordCount":1136,"publisher":{"@id":"https:\/\/www.riocopter.com.br\/blog\/#organization"},"image":{"@id":"https:\/\/www.riocopter.com.br\/blog\/historia-do-rio-de-janeiro-contada-do-alto\/#primaryimage"},"thumbnailUrl":"https:\/\/www.riocopter.com.br\/blog\/wp-content\/uploads\/2025\/09\/xxxxxxx.jpg","keywords":["Hist\u00f3ria do Rio de Janeiro Contada do Alto"],"articleSection":["News"],"inLanguage":"pt-BR"},{"@type":"WebPage","@id":"https:\/\/www.riocopter.com.br\/blog\/historia-do-rio-de-janeiro-contada-do-alto\/","url":"https:\/\/www.riocopter.com.br\/blog\/historia-do-rio-de-janeiro-contada-do-alto\/","name":"Hist\u00f3ria do Rio de Janeiro Contada do Alto | RIOCOPTER - Passeios de Helic\u00f3ptero","isPartOf":{"@id":"https:\/\/www.riocopter.com.br\/blog\/#website"},"primaryImageOfPage":{"@id":"https:\/\/www.riocopter.com.br\/blog\/historia-do-rio-de-janeiro-contada-do-alto\/#primaryimage"},"image":{"@id":"https:\/\/www.riocopter.com.br\/blog\/historia-do-rio-de-janeiro-contada-do-alto\/#primaryimage"},"thumbnailUrl":"https:\/\/www.riocopter.com.br\/blog\/wp-content\/uploads\/2025\/09\/xxxxxxx.jpg","datePublished":"2025-10-01T11:51:07+00:00","dateModified":"2025-12-15T19:03:14+00:00","breadcrumb":{"@id":"https:\/\/www.riocopter.com.br\/blog\/historia-do-rio-de-janeiro-contada-do-alto\/#breadcrumb"},"inLanguage":"pt-BR","potentialAction":[{"@type":"ReadAction","target":["https:\/\/www.riocopter.com.br\/blog\/historia-do-rio-de-janeiro-contada-do-alto\/"]}]},{"@type":"ImageObject","inLanguage":"pt-BR","@id":"https:\/\/www.riocopter.com.br\/blog\/historia-do-rio-de-janeiro-contada-do-alto\/#primaryimage","url":"https:\/\/www.riocopter.com.br\/blog\/wp-content\/uploads\/2025\/09\/xxxxxxx.jpg","contentUrl":"https:\/\/www.riocopter.com.br\/blog\/wp-content\/uploads\/2025\/09\/xxxxxxx.jpg","width":1000,"height":430},{"@type":"BreadcrumbList","@id":"https:\/\/www.riocopter.com.br\/blog\/historia-do-rio-de-janeiro-contada-do-alto\/#breadcrumb","itemListElement":[{"@type":"ListItem","position":1,"name":"In\u00edcio","item":"https:\/\/www.riocopter.com.br\/blog\/"},{"@type":"ListItem","position":2,"name":"Hist\u00f3ria do Rio de Janeiro Contada do Alto"}]},{"@type":"WebSite","@id":"https:\/\/www.riocopter.com.br\/blog\/#website","url":"https:\/\/www.riocopter.com.br\/blog\/","name":"RIOCOPTER - Passeio de Helic\u00f3ptero","description":"Passeio de Helic\u00f3ptero","publisher":{"@id":"https:\/\/www.riocopter.com.br\/blog\/#organization"},"alternateName":"RIOCOPTER","potentialAction":[{"@type":"SearchAction","target":{"@type":"EntryPoint","urlTemplate":"https:\/\/www.riocopter.com.br\/blog\/?s={search_term_string}"},"query-input":{"@type":"PropertyValueSpecification","valueRequired":true,"valueName":"search_term_string"}}],"inLanguage":"pt-BR"},{"@type":"Organization","@id":"https:\/\/www.riocopter.com.br\/blog\/#organization","name":"RIOCOPTER - Passeios de Helic\u00f3ptero","url":"https:\/\/www.riocopter.com.br\/blog\/","logo":{"@type":"ImageObject","inLanguage":"pt-BR","@id":"https:\/\/www.riocopter.com.br\/blog\/#\/schema\/logo\/image\/","url":"https:\/\/www.riocopter.com.br\/blog\/wp-content\/uploads\/2025\/06\/Logo_header.png","contentUrl":"https:\/\/www.riocopter.com.br\/blog\/wp-content\/uploads\/2025\/06\/Logo_header.png","width":550,"height":128,"caption":"RIOCOPTER - Passeios de Helic\u00f3ptero"},"image":{"@id":"https:\/\/www.riocopter.com.br\/blog\/#\/schema\/logo\/image\/"},"sameAs":["https:\/\/www.instagram.com\/riocopteroficial\/"]},{"@type":"Person","@id":""}]}},"_links":{"self":[{"href":"https:\/\/www.riocopter.com.br\/blog\/wp-json\/wp\/v2\/posts\/1693","targetHints":{"allow":["GET"]}}],"collection":[{"href":"https:\/\/www.riocopter.com.br\/blog\/wp-json\/wp\/v2\/posts"}],"about":[{"href":"https:\/\/www.riocopter.com.br\/blog\/wp-json\/wp\/v2\/types\/post"}],"author":[{"embeddable":true,"href":"https:\/\/www.riocopter.com.br\/blog\/wp-json\/wp\/v2\/users\/2"}],"replies":[{"embeddable":true,"href":"https:\/\/www.riocopter.com.br\/blog\/wp-json\/wp\/v2\/comments?post=1693"}],"version-history":[{"count":0,"href":"https:\/\/www.riocopter.com.br\/blog\/wp-json\/wp\/v2\/posts\/1693\/revisions"}],"wp:featuredmedia":[{"embeddable":true,"href":"https:\/\/www.riocopter.com.br\/blog\/wp-json\/wp\/v2\/media\/1557"}],"wp:attachment":[{"href":"https:\/\/www.riocopter.com.br\/blog\/wp-json\/wp\/v2\/media?parent=1693"}],"wp:term":[{"taxonomy":"category","embeddable":true,"href":"https:\/\/www.riocopter.com.br\/blog\/wp-json\/wp\/v2\/categories?post=1693"},{"taxonomy":"post_tag","embeddable":true,"href":"https:\/\/www.riocopter.com.br\/blog\/wp-json\/wp\/v2\/tags?post=1693"}],"curies":[{"name":"wp","href":"https:\/\/api.w.org\/{rel}","templated":true}]}}