{"id":1674,"date":"2025-09-28T00:49:07","date_gmt":"2025-09-28T00:49:07","guid":{"rendered":"https:\/\/www.riocopter.com.br\/blog\/?p=1674"},"modified":"2025-12-15T19:11:17","modified_gmt":"2025-12-15T19:11:17","slug":"o-rio-de-janeiro-visto-do-alto","status":"publish","type":"post","link":"https:\/\/www.riocopter.com.br\/blog\/o-rio-de-janeiro-visto-do-alto\/","title":{"rendered":"O Rio de Janeiro Visto do Alto"},"content":{"rendered":"<h1>Redescobrindo a Cidade Atrav\u00e9s dos Voos Panor\u00e2micos Rio<\/h1>\n<p>O Rio de Janeiro Visto do Alto. Os <strong>voos panor\u00e2micos Rio<\/strong> representam forma completamente nova de turismo urbano sobre a capital. De fato, cada metro de altitude revela detalhes geogr\u00e1ficos e arquitet\u00f4nicos imposs\u00edveis de perceber do solo. Consequentemente, a capital carioca reserva surpresas extraordin\u00e1rias para quem se aventura pelos c\u00e9us. Portanto, essa experi\u00eancia transformadora redefine a rela\u00e7\u00e3o entre visitantes e a metr\u00f3pole cinematogr\u00e1fica<a href=\"https:\/\/www.riocopter.com.br\/\" rel=\"noopener\">.<\/a><\/p>\n<p>A <strong>RIOCOPTER<\/strong> oferece essa jornada que combina geografia, hist\u00f3ria e ecologia em compreens\u00e3o integral. De fato, realizamos voos panor\u00e2micos com ou sem portas sobre paisagens naturais incompar\u00e1veis. Consequentemente, voc\u00ea descobre por que essa cidade representa perfeitamente diversidade brasileira<a href=\"https:\/\/www.instagram.com\/riocopteroficial\/\" target=\"_blank\" rel=\"noopener\">.<\/a><\/p>\n<h2>Floresta da Tijuca nos Voos Panor\u00e2micos Rio<\/h2>\n<p>A Floresta da Tijuca mostra verdadeira extens\u00e3o apenas quando contemplada das alturas. De fato, durante os <strong>voos panor\u00e2micos Rio<\/strong>, seus 3.200 hectares de mata atl\u00e2ntica preservada ficam evidentes. Consequentemente, essa reserva ambiental forma pulm\u00e3o verde que contrasta magnificamente com urbaniza\u00e7\u00e3o<a href=\"https:\/\/www.riocopter.com.br\/blog\/team-building-aereo\/\">.<\/a><\/p>\n<p>O que a Floresta da Tijuca revela do alto:<\/p>\n<ul>\n<li>Extens\u00e3o de 3.200 hectares de mata atl\u00e2ntica<\/li>\n<li>Nascentes e cachoeiras ocultas entre vegeta\u00e7\u00e3o<\/li>\n<li>Trilhas secretas conectando diferentes pontos<\/li>\n<li>Maior floresta urbana replantada do mundo<\/li>\n<\/ul>\n<p>\u00c9 poss\u00edvel identificar nascentes, cachoeiras ocultas e trilhas secretas que conectam pontos diversos. Al\u00e9m disso, a perspectiva a\u00e9rea revela como essa floresta se integra ao tecido urbano. Portanto, voc\u00ea compreende import\u00e2ncia ambiental desta reserva \u00fanica no mundo.<\/p>\n<h2>Botafogo e Urca nos Voos Panor\u00e2micos Rio<\/h2>\n<p>O bairro de Botafogo revela personalidade \u00fanica quando observado de diferentes altitudes nos <strong>voos panor\u00e2micos Rio<\/strong>. De fato, a Ba\u00eda de Botafogo forma enseada protegida onde iates criam pontos coloridos. Consequentemente, \u00e1guas calmas refletem montanhas circundantes criando composi\u00e7\u00e3o perfeita.<\/p>\n<p>Elementos vis\u00edveis da regi\u00e3o Botafogo-Urca:<\/p>\n<ul>\n<li>Ba\u00eda de Botafogo como enseada protegida<\/li>\n<li>Iates e veleiros criando pontos coloridos<\/li>\n<li>Morro da Urca integrado ao complexo<\/li>\n<li>Engenharia do bondinho em harmonia natural<\/li>\n<\/ul>\n<p>O Morro da Urca mostra durante voos como engenharia do bondinho se integra harmoniosamente. Al\u00e9m disso, a forma\u00e7\u00e3o rochosa natural cria cen\u00e1rio \u00fanico no contexto urbano. Portanto, voc\u00ea observa primeiro est\u00e1gio do complexo P\u00e3o de A\u00e7\u00facar de perspectiva privilegiada.<\/p>\n<h2>Experi\u00eancia Doors-Off nos Voos Panor\u00e2micos Rio<\/h2>\n<p>Os voos doors-off proporcionam experi\u00eancias sensoriais intensas que transcendem turismo tradicional. De fato, durante os <strong>voos panor\u00e2micos Rio<\/strong> sem portas, cada passageiro sente diretamente a brisa oce\u00e2nica. Consequentemente, experimenta mudan\u00e7as de temperatura conforme altitude e desfruta visibilidade total.<\/p>\n<p>Vantagens exclusivas dos voos doors-off:<\/p>\n<ul>\n<li>Brisa oce\u00e2nica sentida diretamente no rosto<\/li>\n<li>Visibilidade total de 360 graus garantida<\/li>\n<li>Fotografias profissionais sem obst\u00e1culos visuais<\/li>\n<li>Mem\u00f3rias t\u00e1teis complementando impress\u00f5es visuais<\/li>\n<\/ul>\n<p>Essa modalidade especial permite fotografias profissionais sem obst\u00e1culos visuais interferindo. Al\u00e9m disso, cria mem\u00f3rias t\u00e1teis \u00fanicas que complementam impress\u00f5es visuais duradouras. Portanto, a experi\u00eancia sensorial completa torna cada voo inesquec\u00edvel.<\/p>\n<h2>Zona Sul nos Voos Panor\u00e2micos Rio<\/h2>\n<p>A Zona Sul carioca ganha contexto geogr\u00e1fico completo durante os <strong>voos panor\u00e2micos Rio<\/strong>. De fato, Copacabana, Ipanema, Leblon e S\u00e3o Conrado formam sequ\u00eancia de praias urbanas conectadas. Consequentemente, criam arco dourado entre montanhas e oceano visto claramente do alto.<\/p>\n<p>Praias da Zona Sul vis\u00edveis em sequ\u00eancia:<\/p>\n<ul>\n<li>Copacabana com extens\u00e3o e cal\u00e7ad\u00e3o ic\u00f4nico<\/li>\n<li>Ipanema revelando sofistica\u00e7\u00e3o natural<\/li>\n<li>Leblon conectando-se harmoniosamente<\/li>\n<li>S\u00e3o Conrado completando arco dourado<\/li>\n<\/ul>\n<p>Cada praia possui caracter\u00edsticas pr\u00f3prias que se tornam evidentes apenas do ar. Al\u00e9m disso, a perspectiva helicopterizada revela como todas se conectam naturalmente. Portanto, voc\u00ea compreende por que essa regi\u00e3o \u00e9 mundialmente famosa.<\/p>\n<h2>Centro Hist\u00f3rico nos Voos Panor\u00e2micos Rio<\/h2>\n<p>O Centro Hist\u00f3rico conta s\u00e9culos de hist\u00f3ria brasileira atrav\u00e9s de arquitetura preservada. De fato, durante os <strong>voos panor\u00e2micos Rio<\/strong>, monumentos formam conjunto patrimonial impressionante. Consequentemente, diferentes per\u00edodos hist\u00f3ricos se sobrep\u00f5em geograficamente de forma vis\u00edvel.<\/p>\n<p>Monumentos hist\u00f3ricos vis\u00edveis do alto:<\/p>\n<ul>\n<li>Pa\u00e7o Imperial com import\u00e2ncia colonial<\/li>\n<li>Igreja da Candel\u00e1ria em destaque arquitet\u00f4nico<\/li>\n<li>Theatro Municipal e grandiosidade europeia<\/li>\n<li>Pra\u00e7a XV e Cinel\u00e2ndia em contexto urban\u00edstico<\/li>\n<\/ul>\n<p>A Pra\u00e7a XV, Largo da Carioca e Cinel\u00e2ndia ganham dimens\u00f5es urban\u00edsticas surpreendentes. Al\u00e9m disso, a vista a\u00e9rea revela como desenvolvimento se sobrep\u00f4s atrav\u00e9s dos s\u00e9culos. Portanto, voc\u00ea compreende evolu\u00e7\u00e3o da cidade em perspectiva \u00fanica.<\/p>\n<h2>Cristo Redentor nos Voos Panor\u00e2micos Rio<\/h2>\n<p>O Cristo Redentor revela detalhes arquitet\u00f4nicos impressionantes durante aproxima\u00e7\u00f5es a\u00e9reas. De fato, durante os <strong>voos panor\u00e2micos Rio<\/strong>, a constru\u00e7\u00e3o art d\u00e9co da d\u00e9cada de 1930 mostra complexidade. Consequentemente, voc\u00ea observa como engenheiros superaram desafios t\u00e9cnicos enormes.<\/p>\n<p>A base da est\u00e1tua raramente vista por turistas terrestres forma estrutura complexa. Al\u00e9m disso, est\u00e1 integrada \u00e0 rocha natural do Corcovado de forma impressionante. Portanto, voc\u00ea descobre detalhes exclusivos deste s\u00edmbolo m\u00e1ximo da cidade.<\/p>\n<h2>Lagoa Rodrigo de Freitas nos Voos Panor\u00e2micos Rio<\/h2>\n<p>A Lagoa Rodrigo de Freitas forma espelho d&#8217;\u00e1gua natural refletindo montanhas circundantes. De fato, durante os <strong>voos panor\u00e2micos Rio<\/strong>, efeitos visuais duplicados impressionam passageiros. Consequentemente, \u00e9 poss\u00edvel observar vida aqu\u00e1tica e identificar diferentes esp\u00e9cies de aves.<\/p>\n<p>A perspectiva a\u00e9rea revela como ecossistema lacustre se mant\u00e9m em equil\u00edbrio. Al\u00e9m disso, localiza\u00e7\u00e3o estrat\u00e9gica no cora\u00e7\u00e3o da Zona Sul fica evidente do alto. Portanto, voc\u00ea compreende como natureza e metr\u00f3pole coexistem harmoniosamente.<\/p>\n<h2>Reserve Seus Voos Panor\u00e2micos Rio Hoje<\/h2>\n<p>Cada experi\u00eancia a\u00e9rea torna-se jornada educativa \u00fanica sobre a Cidade Maravilhosa. De fato, os <strong>voos panor\u00e2micos Rio<\/strong> combinam geografia, hist\u00f3ria e urbanismo em compreens\u00e3o integral. Consequentemente, a <strong>RIOCOPTER<\/strong> est\u00e1 pronta para proporcionar essa descoberta.<\/p>\n<p>Reserve sua aventura a\u00e9rea e redescubra a cidade de perspectiva privilegiada. Portanto, entre em contato e transforme sua vis\u00e3o sobre a capital carioca.<\/p>\n<p>Em conclus\u00e3o, paisagens naturais incompar\u00e1veis esperam por voc\u00ea nas alturas do Rio. Afinal, a Cidade Maravilhosa merece ser contemplada dos c\u00e9us!<\/p>\n<p>&nbsp;<\/p>\n","protected":false},"excerpt":{"rendered":"<p>Redescobrindo a Cidade Atrav\u00e9s dos Voos Panor\u00e2micos Rio O Rio de Janeiro Visto do Alto. &#8230; <a class=\"cz_readmore cz_readmore_no_icon\" href=\"https:\/\/www.riocopter.com.br\/blog\/o-rio-de-janeiro-visto-do-alto\/\"><span>Saiba Mais<\/span><\/a><\/p>\n","protected":false},"author":2,"featured_media":1504,"comment_status":"closed","ping_status":"closed","sticky":false,"template":"","format":"standard","meta":{"footnotes":""},"categories":[60],"tags":[112],"class_list":["post-1674","post","type-post","status-publish","format-standard","has-post-thumbnail","hentry","category-saiba-mais","tag-o-rio-de-janeiro-visto-do-alto"],"yoast_head":"<!-- This site is optimized with the Yoast SEO Premium plugin v26.5 (Yoast SEO v27.5) - https:\/\/yoast.com\/product\/yoast-seo-premium-wordpress\/ -->\n<title>O Rio de Janeiro Visto do Alto | RIOCOPTER - Passeios de Helic\u00f3ptero<\/title>\n<meta name=\"robots\" content=\"index, follow, max-snippet:-1, max-image-preview:large, max-video-preview:-1\" \/>\n<link rel=\"canonical\" href=\"https:\/\/www.riocopter.com.br\/blog\/o-rio-de-janeiro-visto-do-alto\/\" \/>\n<meta property=\"og:locale\" content=\"pt_BR\" \/>\n<meta property=\"og:type\" content=\"article\" \/>\n<meta property=\"og:title\" content=\"O Rio de Janeiro Visto do Alto\" \/>\n<meta property=\"og:description\" content=\"Redescobrindo a Cidade Atrav\u00e9s dos Voos Panor\u00e2micos Rio O Rio de Janeiro Visto do Alto. ... Saiba Mais\" \/>\n<meta property=\"og:url\" content=\"https:\/\/www.riocopter.com.br\/blog\/o-rio-de-janeiro-visto-do-alto\/\" \/>\n<meta property=\"og:site_name\" content=\"RIOCOPTER - Passeios de Helic\u00f3ptero\" \/>\n<meta property=\"article:published_time\" content=\"2025-09-28T00:49:07+00:00\" \/>\n<meta property=\"article:modified_time\" content=\"2025-12-15T19:11:17+00:00\" \/>\n<meta property=\"og:image\" content=\"https:\/\/www.riocopter.com.br\/blog\/wp-content\/uploads\/2025\/09\/hhhhh.jpg\" \/>\n\t<meta property=\"og:image:width\" content=\"1000\" \/>\n\t<meta property=\"og:image:height\" content=\"430\" \/>\n\t<meta property=\"og:image:type\" content=\"image\/jpeg\" \/>\n<meta name=\"twitter:label1\" content=\"Escrito por\" \/>\n\t<meta name=\"twitter:data1\" content=\"\" \/>\n\t<meta name=\"twitter:label2\" content=\"Est. tempo de leitura\" \/>\n\t<meta name=\"twitter:data2\" content=\"6 minutos\" \/>\n<script type=\"application\/ld+json\" class=\"yoast-schema-graph\">{\"@context\":\"https:\\\/\\\/schema.org\",\"@graph\":[{\"@type\":\"Article\",\"@id\":\"https:\\\/\\\/www.riocopter.com.br\\\/blog\\\/o-rio-de-janeiro-visto-do-alto\\\/#article\",\"isPartOf\":{\"@id\":\"https:\\\/\\\/www.riocopter.com.br\\\/blog\\\/o-rio-de-janeiro-visto-do-alto\\\/\"},\"author\":{\"name\":\"\",\"@id\":\"\"},\"headline\":\"O Rio de Janeiro Visto do Alto\",\"datePublished\":\"2025-09-28T00:49:07+00:00\",\"dateModified\":\"2025-12-15T19:11:17+00:00\",\"mainEntityOfPage\":{\"@id\":\"https:\\\/\\\/www.riocopter.com.br\\\/blog\\\/o-rio-de-janeiro-visto-do-alto\\\/\"},\"wordCount\":1028,\"publisher\":{\"@id\":\"https:\\\/\\\/www.riocopter.com.br\\\/blog\\\/#organization\"},\"image\":{\"@id\":\"https:\\\/\\\/www.riocopter.com.br\\\/blog\\\/o-rio-de-janeiro-visto-do-alto\\\/#primaryimage\"},\"thumbnailUrl\":\"https:\\\/\\\/www.riocopter.com.br\\\/blog\\\/wp-content\\\/uploads\\\/2025\\\/09\\\/hhhhh.jpg\",\"keywords\":[\"O Rio de Janeiro Visto do Alto\"],\"articleSection\":[\"Saiba Mais...\"],\"inLanguage\":\"pt-BR\"},{\"@type\":\"WebPage\",\"@id\":\"https:\\\/\\\/www.riocopter.com.br\\\/blog\\\/o-rio-de-janeiro-visto-do-alto\\\/\",\"url\":\"https:\\\/\\\/www.riocopter.com.br\\\/blog\\\/o-rio-de-janeiro-visto-do-alto\\\/\",\"name\":\"O Rio de Janeiro Visto do Alto | RIOCOPTER - Passeios de Helic\u00f3ptero\",\"isPartOf\":{\"@id\":\"https:\\\/\\\/www.riocopter.com.br\\\/blog\\\/#website\"},\"primaryImageOfPage\":{\"@id\":\"https:\\\/\\\/www.riocopter.com.br\\\/blog\\\/o-rio-de-janeiro-visto-do-alto\\\/#primaryimage\"},\"image\":{\"@id\":\"https:\\\/\\\/www.riocopter.com.br\\\/blog\\\/o-rio-de-janeiro-visto-do-alto\\\/#primaryimage\"},\"thumbnailUrl\":\"https:\\\/\\\/www.riocopter.com.br\\\/blog\\\/wp-content\\\/uploads\\\/2025\\\/09\\\/hhhhh.jpg\",\"datePublished\":\"2025-09-28T00:49:07+00:00\",\"dateModified\":\"2025-12-15T19:11:17+00:00\",\"breadcrumb\":{\"@id\":\"https:\\\/\\\/www.riocopter.com.br\\\/blog\\\/o-rio-de-janeiro-visto-do-alto\\\/#breadcrumb\"},\"inLanguage\":\"pt-BR\",\"potentialAction\":[{\"@type\":\"ReadAction\",\"target\":[\"https:\\\/\\\/www.riocopter.com.br\\\/blog\\\/o-rio-de-janeiro-visto-do-alto\\\/\"]}]},{\"@type\":\"ImageObject\",\"inLanguage\":\"pt-BR\",\"@id\":\"https:\\\/\\\/www.riocopter.com.br\\\/blog\\\/o-rio-de-janeiro-visto-do-alto\\\/#primaryimage\",\"url\":\"https:\\\/\\\/www.riocopter.com.br\\\/blog\\\/wp-content\\\/uploads\\\/2025\\\/09\\\/hhhhh.jpg\",\"contentUrl\":\"https:\\\/\\\/www.riocopter.com.br\\\/blog\\\/wp-content\\\/uploads\\\/2025\\\/09\\\/hhhhh.jpg\",\"width\":1000,\"height\":430},{\"@type\":\"BreadcrumbList\",\"@id\":\"https:\\\/\\\/www.riocopter.com.br\\\/blog\\\/o-rio-de-janeiro-visto-do-alto\\\/#breadcrumb\",\"itemListElement\":[{\"@type\":\"ListItem\",\"position\":1,\"name\":\"In\u00edcio\",\"item\":\"https:\\\/\\\/www.riocopter.com.br\\\/blog\\\/\"},{\"@type\":\"ListItem\",\"position\":2,\"name\":\"O Rio de Janeiro Visto do Alto\"}]},{\"@type\":\"WebSite\",\"@id\":\"https:\\\/\\\/www.riocopter.com.br\\\/blog\\\/#website\",\"url\":\"https:\\\/\\\/www.riocopter.com.br\\\/blog\\\/\",\"name\":\"RIOCOPTER - Passeio de Helic\u00f3ptero\",\"description\":\"Passeio de Helic\u00f3ptero\",\"publisher\":{\"@id\":\"https:\\\/\\\/www.riocopter.com.br\\\/blog\\\/#organization\"},\"alternateName\":\"RIOCOPTER\",\"potentialAction\":[{\"@type\":\"SearchAction\",\"target\":{\"@type\":\"EntryPoint\",\"urlTemplate\":\"https:\\\/\\\/www.riocopter.com.br\\\/blog\\\/?s={search_term_string}\"},\"query-input\":{\"@type\":\"PropertyValueSpecification\",\"valueRequired\":true,\"valueName\":\"search_term_string\"}}],\"inLanguage\":\"pt-BR\"},{\"@type\":\"Organization\",\"@id\":\"https:\\\/\\\/www.riocopter.com.br\\\/blog\\\/#organization\",\"name\":\"RIOCOPTER - Passeios de Helic\u00f3ptero\",\"url\":\"https:\\\/\\\/www.riocopter.com.br\\\/blog\\\/\",\"logo\":{\"@type\":\"ImageObject\",\"inLanguage\":\"pt-BR\",\"@id\":\"https:\\\/\\\/www.riocopter.com.br\\\/blog\\\/#\\\/schema\\\/logo\\\/image\\\/\",\"url\":\"https:\\\/\\\/www.riocopter.com.br\\\/blog\\\/wp-content\\\/uploads\\\/2025\\\/06\\\/Logo_header.png\",\"contentUrl\":\"https:\\\/\\\/www.riocopter.com.br\\\/blog\\\/wp-content\\\/uploads\\\/2025\\\/06\\\/Logo_header.png\",\"width\":550,\"height\":128,\"caption\":\"RIOCOPTER - Passeios de Helic\u00f3ptero\"},\"image\":{\"@id\":\"https:\\\/\\\/www.riocopter.com.br\\\/blog\\\/#\\\/schema\\\/logo\\\/image\\\/\"},\"sameAs\":[\"https:\\\/\\\/www.instagram.com\\\/riocopteroficial\\\/\"]},{\"@type\":\"Person\",\"@id\":\"\"}]}<\/script>\n<!-- \/ Yoast SEO Premium plugin. -->","yoast_head_json":{"title":"O Rio de Janeiro Visto do Alto | RIOCOPTER - Passeios de Helic\u00f3ptero","robots":{"index":"index","follow":"follow","max-snippet":"max-snippet:-1","max-image-preview":"max-image-preview:large","max-video-preview":"max-video-preview:-1"},"canonical":"https:\/\/www.riocopter.com.br\/blog\/o-rio-de-janeiro-visto-do-alto\/","og_locale":"pt_BR","og_type":"article","og_title":"O Rio de Janeiro Visto do Alto","og_description":"Redescobrindo a Cidade Atrav\u00e9s dos Voos Panor\u00e2micos Rio O Rio de Janeiro Visto do Alto. ... Saiba Mais","og_url":"https:\/\/www.riocopter.com.br\/blog\/o-rio-de-janeiro-visto-do-alto\/","og_site_name":"RIOCOPTER - Passeios de Helic\u00f3ptero","article_published_time":"2025-09-28T00:49:07+00:00","article_modified_time":"2025-12-15T19:11:17+00:00","og_image":[{"width":1000,"height":430,"url":"https:\/\/www.riocopter.com.br\/blog\/wp-content\/uploads\/2025\/09\/hhhhh.jpg","type":"image\/jpeg"}],"twitter_misc":{"Escrito por":"","Est. tempo de leitura":"6 minutos"},"schema":{"@context":"https:\/\/schema.org","@graph":[{"@type":"Article","@id":"https:\/\/www.riocopter.com.br\/blog\/o-rio-de-janeiro-visto-do-alto\/#article","isPartOf":{"@id":"https:\/\/www.riocopter.com.br\/blog\/o-rio-de-janeiro-visto-do-alto\/"},"author":{"name":"","@id":""},"headline":"O Rio de Janeiro Visto do Alto","datePublished":"2025-09-28T00:49:07+00:00","dateModified":"2025-12-15T19:11:17+00:00","mainEntityOfPage":{"@id":"https:\/\/www.riocopter.com.br\/blog\/o-rio-de-janeiro-visto-do-alto\/"},"wordCount":1028,"publisher":{"@id":"https:\/\/www.riocopter.com.br\/blog\/#organization"},"image":{"@id":"https:\/\/www.riocopter.com.br\/blog\/o-rio-de-janeiro-visto-do-alto\/#primaryimage"},"thumbnailUrl":"https:\/\/www.riocopter.com.br\/blog\/wp-content\/uploads\/2025\/09\/hhhhh.jpg","keywords":["O Rio de Janeiro Visto do Alto"],"articleSection":["Saiba Mais..."],"inLanguage":"pt-BR"},{"@type":"WebPage","@id":"https:\/\/www.riocopter.com.br\/blog\/o-rio-de-janeiro-visto-do-alto\/","url":"https:\/\/www.riocopter.com.br\/blog\/o-rio-de-janeiro-visto-do-alto\/","name":"O Rio de Janeiro Visto do Alto | RIOCOPTER - Passeios de Helic\u00f3ptero","isPartOf":{"@id":"https:\/\/www.riocopter.com.br\/blog\/#website"},"primaryImageOfPage":{"@id":"https:\/\/www.riocopter.com.br\/blog\/o-rio-de-janeiro-visto-do-alto\/#primaryimage"},"image":{"@id":"https:\/\/www.riocopter.com.br\/blog\/o-rio-de-janeiro-visto-do-alto\/#primaryimage"},"thumbnailUrl":"https:\/\/www.riocopter.com.br\/blog\/wp-content\/uploads\/2025\/09\/hhhhh.jpg","datePublished":"2025-09-28T00:49:07+00:00","dateModified":"2025-12-15T19:11:17+00:00","breadcrumb":{"@id":"https:\/\/www.riocopter.com.br\/blog\/o-rio-de-janeiro-visto-do-alto\/#breadcrumb"},"inLanguage":"pt-BR","potentialAction":[{"@type":"ReadAction","target":["https:\/\/www.riocopter.com.br\/blog\/o-rio-de-janeiro-visto-do-alto\/"]}]},{"@type":"ImageObject","inLanguage":"pt-BR","@id":"https:\/\/www.riocopter.com.br\/blog\/o-rio-de-janeiro-visto-do-alto\/#primaryimage","url":"https:\/\/www.riocopter.com.br\/blog\/wp-content\/uploads\/2025\/09\/hhhhh.jpg","contentUrl":"https:\/\/www.riocopter.com.br\/blog\/wp-content\/uploads\/2025\/09\/hhhhh.jpg","width":1000,"height":430},{"@type":"BreadcrumbList","@id":"https:\/\/www.riocopter.com.br\/blog\/o-rio-de-janeiro-visto-do-alto\/#breadcrumb","itemListElement":[{"@type":"ListItem","position":1,"name":"In\u00edcio","item":"https:\/\/www.riocopter.com.br\/blog\/"},{"@type":"ListItem","position":2,"name":"O Rio de Janeiro Visto do Alto"}]},{"@type":"WebSite","@id":"https:\/\/www.riocopter.com.br\/blog\/#website","url":"https:\/\/www.riocopter.com.br\/blog\/","name":"RIOCOPTER - Passeio de Helic\u00f3ptero","description":"Passeio de Helic\u00f3ptero","publisher":{"@id":"https:\/\/www.riocopter.com.br\/blog\/#organization"},"alternateName":"RIOCOPTER","potentialAction":[{"@type":"SearchAction","target":{"@type":"EntryPoint","urlTemplate":"https:\/\/www.riocopter.com.br\/blog\/?s={search_term_string}"},"query-input":{"@type":"PropertyValueSpecification","valueRequired":true,"valueName":"search_term_string"}}],"inLanguage":"pt-BR"},{"@type":"Organization","@id":"https:\/\/www.riocopter.com.br\/blog\/#organization","name":"RIOCOPTER - Passeios de Helic\u00f3ptero","url":"https:\/\/www.riocopter.com.br\/blog\/","logo":{"@type":"ImageObject","inLanguage":"pt-BR","@id":"https:\/\/www.riocopter.com.br\/blog\/#\/schema\/logo\/image\/","url":"https:\/\/www.riocopter.com.br\/blog\/wp-content\/uploads\/2025\/06\/Logo_header.png","contentUrl":"https:\/\/www.riocopter.com.br\/blog\/wp-content\/uploads\/2025\/06\/Logo_header.png","width":550,"height":128,"caption":"RIOCOPTER - Passeios de Helic\u00f3ptero"},"image":{"@id":"https:\/\/www.riocopter.com.br\/blog\/#\/schema\/logo\/image\/"},"sameAs":["https:\/\/www.instagram.com\/riocopteroficial\/"]},{"@type":"Person","@id":""}]}},"_links":{"self":[{"href":"https:\/\/www.riocopter.com.br\/blog\/wp-json\/wp\/v2\/posts\/1674","targetHints":{"allow":["GET"]}}],"collection":[{"href":"https:\/\/www.riocopter.com.br\/blog\/wp-json\/wp\/v2\/posts"}],"about":[{"href":"https:\/\/www.riocopter.com.br\/blog\/wp-json\/wp\/v2\/types\/post"}],"author":[{"embeddable":true,"href":"https:\/\/www.riocopter.com.br\/blog\/wp-json\/wp\/v2\/users\/2"}],"replies":[{"embeddable":true,"href":"https:\/\/www.riocopter.com.br\/blog\/wp-json\/wp\/v2\/comments?post=1674"}],"version-history":[{"count":0,"href":"https:\/\/www.riocopter.com.br\/blog\/wp-json\/wp\/v2\/posts\/1674\/revisions"}],"wp:featuredmedia":[{"embeddable":true,"href":"https:\/\/www.riocopter.com.br\/blog\/wp-json\/wp\/v2\/media\/1504"}],"wp:attachment":[{"href":"https:\/\/www.riocopter.com.br\/blog\/wp-json\/wp\/v2\/media?parent=1674"}],"wp:term":[{"taxonomy":"category","embeddable":true,"href":"https:\/\/www.riocopter.com.br\/blog\/wp-json\/wp\/v2\/categories?post=1674"},{"taxonomy":"post_tag","embeddable":true,"href":"https:\/\/www.riocopter.com.br\/blog\/wp-json\/wp\/v2\/tags?post=1674"}],"curies":[{"name":"wp","href":"https:\/\/api.w.org\/{rel}","templated":true}]}}