{"id":1635,"date":"2025-09-17T14:18:40","date_gmt":"2025-09-17T14:18:40","guid":{"rendered":"https:\/\/www.riocopter.com.br\/blog\/?p=1635"},"modified":"2025-12-16T00:43:17","modified_gmt":"2025-12-16T00:43:17","slug":"arquitetura-do-rio-de-janeiro-vista-do-alto","status":"publish","type":"post","link":"https:\/\/www.riocopter.com.br\/blog\/arquitetura-do-rio-de-janeiro-vista-do-alto\/","title":{"rendered":"Arquitetura do Rio de Janeiro Vista do Alto"},"content":{"rendered":"<h1>Uma Jornada Atrav\u00e9s dos Estilos: Voo Helic\u00f3ptero Rio Arquitetura<\/h1>\n<p>Arquitetura do Rio de Janeiro Vista do Alto. O <strong>voo helic\u00f3ptero Rio arquitetura<\/strong> revela a hist\u00f3ria fascinante do Brasil atrav\u00e9s de formas, volumes e composi\u00e7\u00f5es urbanas \u00fanicas. De fato, a arquitetura carioca conta essa hist\u00f3ria de maneira que apenas a perspectiva a\u00e9rea proporciona completamente. Consequentemente, voc\u00ea analisa comparativamente estilos, \u00e9pocas e influ\u00eancias culturais que moldaram a identidade visual. Portanto, nenhum tour terrestre consegue oferecer essa compreens\u00e3o completa<a href=\"https:\/\/www.riocopter.com.br\/\">.<\/a><\/p>\n<p>A perspectiva a\u00e9rea permite identificar claramente transi\u00e7\u00f5es entre diferentes per\u00edodos hist\u00f3ricos. De fato, arquitetura colonial portuguesa convive harmoniosamente com modernismo brasileiro. Consequentemente, voc\u00ea compreende a evolu\u00e7\u00e3o urban\u00edstica da cidade maravilhosa<a href=\"https:\/\/www.instagram.com\/riocopteroficial\/\" target=\"_blank\" rel=\"noopener\">.<\/a><\/p>\n<h2>Cartografia Arquitet\u00f4nica no Voo Helic\u00f3ptero Rio Arquitetura<\/h2>\n<p>Durante voos panor\u00e2micos, a cidade revela sua complexa tape\u00e7aria arquitet\u00f4nica impressionante. De fato, o <strong>voo helic\u00f3ptero Rio arquitetura<\/strong> mostra diferentes per\u00edodos hist\u00f3ricos convivendo harmoniosamente. Consequentemente, voc\u00ea identifica transi\u00e7\u00f5es entre colonial, neocl\u00e1ssico, modernismo e contempor\u00e2neo<a href=\"https:\/\/www.riocopter.com.br\/blog\/primeira-vez-de-helicoptero\/\" target=\"_blank\" rel=\"noopener\">.<\/a><\/p>\n<p>Per\u00edodos arquitet\u00f4nicos que voc\u00ea identifica:<\/p>\n<ul>\n<li>Arquitetura colonial portuguesa dos s\u00e9culos XVII e XVIII<\/li>\n<li>Influ\u00eancias neocl\u00e1ssicas do s\u00e9culo XIX imperial<\/li>\n<li>Modernismo brasileiro revolucion\u00e1rio do s\u00e9culo XX<\/li>\n<li>Desenvolvimentos contempor\u00e2neos definindo o skyline atual<\/li>\n<\/ul>\n<p>A geometria urbana vista do alto revela padr\u00f5es de crescimento documentando s\u00e9culos de evolu\u00e7\u00e3o. Al\u00e9m disso, bairros planejados contrastam com crescimento org\u00e2nico criando mosaicos visuais. Portanto, voc\u00ea compreende hist\u00f3rias de diferentes classes sociais e pol\u00edticas urbanas.<\/p>\n<p>A <strong>RIOCOPTER<\/strong> frequentemente recebe arquitetos e urbanistas internacionais para estudos a\u00e9reos. De fato, realizamos voos panor\u00e2micos com ou sem portas revelando a cidade.<\/p>\n<h2>Modernismo Brasileiro no Voo Helic\u00f3ptero Rio Arquitetura<\/h2>\n<p>O Rio abriga alguns dos exemplos mais importantes da arquitetura modernista mundial. De fato, o <strong>voo helic\u00f3ptero Rio arquitetura<\/strong> oferece a \u00fanica maneira de apreciar completamente a monumentalidade. Consequentemente, voc\u00ea observa como Oscar Niemeyer concebeu estruturas dialogando com a topografia.<\/p>\n<p>Caracter\u00edsticas do modernismo que voc\u00ea observa:<\/p>\n<ul>\n<li>Curvas sensuais dialogando com paisagem natural<\/li>\n<li>Pilotis elevados integrando edif\u00edcio e entorno<\/li>\n<li>Integra\u00e7\u00e3o interior-exterior em linguagem tropical<\/li>\n<li>Transcend\u00eancia dos modelos europeus originais<\/li>\n<\/ul>\n<p>Durante voos tur\u00edsticos, voc\u00ea observa como o modernismo brasileiro transcendeu modelos europeus. Al\u00e9m disso, a linguagem arquitet\u00f4nica genuinamente tropical ganha sentido completo do alto. Portanto, voc\u00ea compreende a perspectiva para qual essas obras foram originalmente concebidas.<\/p>\n<h2>Adapta\u00e7\u00e3o Topogr\u00e1fica no Voo Helic\u00f3ptero Rio Arquitetura<\/h2>\n<p>A geografia acidentada do Rio criou desafios urban\u00edsticos \u00fanicos com solu\u00e7\u00f5es extraordin\u00e1rias. De fato, o <strong>voo helic\u00f3ptero Rio arquitetura<\/strong> revela como a cidade se adaptou a morros, vales e costas. Consequentemente, voc\u00ea observa engenharia urbana simultaneamente funcional e esteticamente impressionante.<\/p>\n<p>Arquitetos e urbanistas internacionais utilizam nossos voos para estudar harmoniza\u00e7\u00e3o urbana. Al\u00e9m disso, grandes metr\u00f3poles podem aprender como desenvolver geografias desafiadoras. Portanto, seu voo tur\u00edstico se transforma em ferramenta de pesquisa acad\u00eamica valiosa.<\/p>\n<h2>Contrastes Urbanos no Voo Helic\u00f3ptero Rio Arquitetura<\/h2>\n<p>A vista a\u00e9rea proporciona compreens\u00e3o \u00fanica sobre como diferentes realidades se manifestam arquitetonicamente. De fato, o <strong>voo helic\u00f3ptero Rio arquitetura<\/strong> revela contrastes entre tipologias habitacionais e padr\u00f5es de densidade. Consequentemente, voc\u00ea observa desigualdades urbanas de forma visceral e educativa.<\/p>\n<p>Para voos doors-off, essa experi\u00eancia torna-se ainda mais impactante e reveladora. Al\u00e9m disso, voc\u00ea realiza observa\u00e7\u00e3o direta e fotografia documental para turismo consciente. Portanto, o turismo a\u00e9reo respons\u00e1vel diferencia-se significativamente das experi\u00eancias convencionais.<\/p>\n<h2>Arquitetura Contempor\u00e2nea no Voo Helic\u00f3ptero Rio Arquitetura<\/h2>\n<p>Os voos documentam a evolu\u00e7\u00e3o constante do skyline carioca em transforma\u00e7\u00e3o permanente. De fato, o <strong>voo helic\u00f3ptero Rio arquitetura<\/strong> revela como novos desenvolvimentos est\u00e3o redefinindo a silhueta urbana. Consequentemente, voc\u00ea avalia arranha-c\u00e9us contempor\u00e2neos e complexos multiuso em contexto completo.<\/p>\n<p>A observa\u00e7\u00e3o de canteiros de obra do alto oferece compreens\u00e3o \u00fanica sobre transforma\u00e7\u00e3o urbana. Al\u00e9m disso, arquitetos e investidores utilizam nossos voos para avaliar integra\u00e7\u00e3o de projetos. Portanto, voc\u00ea testemunha o nascimento de novos marcos arquitet\u00f4nicos da cidade.<\/p>\n<h2>Patrim\u00f4nio Hist\u00f3rico no Voo Helic\u00f3ptero Rio Arquitetura<\/h2>\n<p>A perspectiva a\u00e9rea revela extens\u00e3o e qualidade da preserva\u00e7\u00e3o do patrim\u00f4nio arquitet\u00f4nico carioca. De fato, o <strong>voo helic\u00f3ptero Rio arquitetura<\/strong> mostra como edif\u00edcios hist\u00f3ricos integram-se ao tecido urbano moderno. Consequentemente, voc\u00ea observa di\u00e1logos temporais fascinantes entre diferentes \u00e9pocas.<\/p>\n<p>Elementos patrimoniais que voc\u00ea descobre:<\/p>\n<ul>\n<li>Centros hist\u00f3ricos preservados em nova dimens\u00e3o<\/li>\n<li>Tra\u00e7ados urbanos originais revelando planejamento<\/li>\n<li>P\u00e1tios internos invis\u00edveis do n\u00edvel da rua<\/li>\n<li>Rela\u00e7\u00f5es espaciais enriquecendo aprecia\u00e7\u00e3o cultural<\/li>\n<\/ul>\n<p>Centros hist\u00f3ricos preservados ganham nova dimens\u00e3o quando voc\u00ea os observa do alto. Al\u00e9m disso, tra\u00e7ados urbanos originais e p\u00e1tios internos revelam-se completamente. Portanto, sua compreens\u00e3o do patrim\u00f4nio cultural carioca amplia-se significativamente.<\/p>\n<h2>Infraestrutura Como Arte no Voo Helic\u00f3ptero Rio Arquitetura<\/h2>\n<p>Os voos transformam infraestrutura urbana em objeto de contempla\u00e7\u00e3o est\u00e9tica para voc\u00ea. De fato, o <strong>voo helic\u00f3ptero Rio arquitetura<\/strong> revela viadutos, t\u00faneis e redes vi\u00e1rias como obras de arte funcional. Consequentemente, a engenharia conectando diferentes partes da cidade cria geometrias impressionantes.<\/p>\n<p>Para voos sem portas, engenheiros e estudantes capturam detalhes t\u00e9cnicos como refer\u00eancia. Al\u00e9m disso, solu\u00e7\u00f5es estruturais documentadas servem para projetos futuros em outras cidades. Portanto, a aplica\u00e7\u00e3o educativa especializada demonstra versatilidade al\u00e9m do turismo.<\/p>\n<h2>Paisagismo Urbano no Voo Helic\u00f3ptero Rio Arquitetura<\/h2>\n<p>A tradi\u00e7\u00e3o paisag\u00edstica carioca influenciada por Burle Marx ganha dimens\u00e3o completa do alto. De fato, o <strong>voo helic\u00f3ptero Rio arquitetura<\/strong> revela como jardins e parques criam sistema integrado. Consequentemente, voc\u00ea observa espa\u00e7os verdes que amenizam densidade e proporcionam qualidade de vida.<\/p>\n<p>A integra\u00e7\u00e3o entre arquitetura e paisagismo torna-se evidente apenas da perspectiva a\u00e9rea. Al\u00e9m disso, padr\u00f5es vegetais e espelhos d&#8217;\u00e1gua revelam planejamento sofisticado. Portanto, voc\u00ea aprecia funcionalidade e beleza est\u00e9tica em perfeita harmonia.<\/p>\n<h2>Reserve Seu Voo Helic\u00f3ptero Rio Arquitetura Hoje<\/h2>\n<p>Descubra a arquitetura carioca atrav\u00e9s da perspectiva que revela sua verdadeira grandeza. De fato, o <strong>voo helic\u00f3ptero Rio arquitetura<\/strong> mostra como grandes cidades equilibram hist\u00f3ria, inova\u00e7\u00e3o e geografia. Consequentemente, a <strong>RIOCOPTER<\/strong> est\u00e1 pronta para proporcionar essa experi\u00eancia \u00fanica.<\/p>\n<p>Agende seu voo arquitet\u00f4nico e experimente nova forma de compreender identidades urbanas. Portanto, entre em contato e inspire-se como arquitetos mundialmente reconhecidos.<\/p>\n<p>Em conclus\u00e3o, a perspectiva a\u00e9rea transforma sua compreens\u00e3o sobre urbanismo e design. Afinal, a arquitetura carioca espera por voc\u00ea nas alturas!<\/p>\n<p>&nbsp;<\/p>\n","protected":false},"excerpt":{"rendered":"<p>Uma Jornada Atrav\u00e9s dos Estilos: Voo Helic\u00f3ptero Rio Arquitetura Arquitetura do Rio de Janeiro Vista &#8230; <a class=\"cz_readmore cz_readmore_no_icon\" href=\"https:\/\/www.riocopter.com.br\/blog\/arquitetura-do-rio-de-janeiro-vista-do-alto\/\"><span>Saiba Mais<\/span><\/a><\/p>\n","protected":false},"author":2,"featured_media":1519,"comment_status":"closed","ping_status":"closed","sticky":false,"template":"","format":"standard","meta":{"footnotes":""},"categories":[1],"tags":[127],"class_list":["post-1635","post","type-post","status-publish","format-standard","has-post-thumbnail","hentry","category-news","tag-arquitetura-do-rio-de-janeiro-vista-do-alto"],"yoast_head":"<!-- This site is optimized with the Yoast SEO Premium plugin v26.5 (Yoast SEO v27.5) - https:\/\/yoast.com\/product\/yoast-seo-premium-wordpress\/ -->\n<title>Arquitetura do Rio de Janeiro Vista do Alto | RIOCOPTER - Passeios de Helic\u00f3ptero<\/title>\n<meta name=\"robots\" content=\"index, follow, max-snippet:-1, max-image-preview:large, max-video-preview:-1\" \/>\n<link rel=\"canonical\" href=\"https:\/\/www.riocopter.com.br\/blog\/arquitetura-do-rio-de-janeiro-vista-do-alto\/\" \/>\n<meta property=\"og:locale\" content=\"pt_BR\" \/>\n<meta property=\"og:type\" content=\"article\" \/>\n<meta property=\"og:title\" content=\"Arquitetura do Rio de Janeiro Vista do Alto\" \/>\n<meta property=\"og:description\" content=\"Uma Jornada Atrav\u00e9s dos Estilos: Voo Helic\u00f3ptero Rio Arquitetura Arquitetura do Rio de Janeiro Vista ... Saiba Mais\" \/>\n<meta property=\"og:url\" content=\"https:\/\/www.riocopter.com.br\/blog\/arquitetura-do-rio-de-janeiro-vista-do-alto\/\" \/>\n<meta property=\"og:site_name\" content=\"RIOCOPTER - Passeios de Helic\u00f3ptero\" \/>\n<meta property=\"article:published_time\" content=\"2025-09-17T14:18:40+00:00\" \/>\n<meta property=\"article:modified_time\" content=\"2025-12-16T00:43:17+00:00\" \/>\n<meta property=\"og:image\" content=\"https:\/\/www.riocopter.com.br\/blog\/wp-content\/uploads\/2025\/09\/llllllll.jpg\" \/>\n\t<meta property=\"og:image:width\" content=\"1000\" \/>\n\t<meta property=\"og:image:height\" content=\"430\" \/>\n\t<meta property=\"og:image:type\" content=\"image\/jpeg\" \/>\n<meta name=\"twitter:label1\" content=\"Escrito por\" \/>\n\t<meta name=\"twitter:data1\" content=\"\" \/>\n\t<meta name=\"twitter:label2\" content=\"Est. tempo de leitura\" \/>\n\t<meta name=\"twitter:data2\" content=\"6 minutos\" \/>\n<script type=\"application\/ld+json\" class=\"yoast-schema-graph\">{\"@context\":\"https:\\\/\\\/schema.org\",\"@graph\":[{\"@type\":\"Article\",\"@id\":\"https:\\\/\\\/www.riocopter.com.br\\\/blog\\\/arquitetura-do-rio-de-janeiro-vista-do-alto\\\/#article\",\"isPartOf\":{\"@id\":\"https:\\\/\\\/www.riocopter.com.br\\\/blog\\\/arquitetura-do-rio-de-janeiro-vista-do-alto\\\/\"},\"author\":{\"name\":\"\",\"@id\":\"\"},\"headline\":\"Arquitetura do Rio de Janeiro Vista do Alto\",\"datePublished\":\"2025-09-17T14:18:40+00:00\",\"dateModified\":\"2025-12-16T00:43:17+00:00\",\"mainEntityOfPage\":{\"@id\":\"https:\\\/\\\/www.riocopter.com.br\\\/blog\\\/arquitetura-do-rio-de-janeiro-vista-do-alto\\\/\"},\"wordCount\":1107,\"publisher\":{\"@id\":\"https:\\\/\\\/www.riocopter.com.br\\\/blog\\\/#organization\"},\"image\":{\"@id\":\"https:\\\/\\\/www.riocopter.com.br\\\/blog\\\/arquitetura-do-rio-de-janeiro-vista-do-alto\\\/#primaryimage\"},\"thumbnailUrl\":\"https:\\\/\\\/www.riocopter.com.br\\\/blog\\\/wp-content\\\/uploads\\\/2025\\\/09\\\/llllllll.jpg\",\"keywords\":[\"Arquitetura do Rio de Janeiro Vista do Alto\"],\"articleSection\":[\"News\"],\"inLanguage\":\"pt-BR\"},{\"@type\":\"WebPage\",\"@id\":\"https:\\\/\\\/www.riocopter.com.br\\\/blog\\\/arquitetura-do-rio-de-janeiro-vista-do-alto\\\/\",\"url\":\"https:\\\/\\\/www.riocopter.com.br\\\/blog\\\/arquitetura-do-rio-de-janeiro-vista-do-alto\\\/\",\"name\":\"Arquitetura do Rio de Janeiro Vista do Alto | RIOCOPTER - Passeios de Helic\u00f3ptero\",\"isPartOf\":{\"@id\":\"https:\\\/\\\/www.riocopter.com.br\\\/blog\\\/#website\"},\"primaryImageOfPage\":{\"@id\":\"https:\\\/\\\/www.riocopter.com.br\\\/blog\\\/arquitetura-do-rio-de-janeiro-vista-do-alto\\\/#primaryimage\"},\"image\":{\"@id\":\"https:\\\/\\\/www.riocopter.com.br\\\/blog\\\/arquitetura-do-rio-de-janeiro-vista-do-alto\\\/#primaryimage\"},\"thumbnailUrl\":\"https:\\\/\\\/www.riocopter.com.br\\\/blog\\\/wp-content\\\/uploads\\\/2025\\\/09\\\/llllllll.jpg\",\"datePublished\":\"2025-09-17T14:18:40+00:00\",\"dateModified\":\"2025-12-16T00:43:17+00:00\",\"breadcrumb\":{\"@id\":\"https:\\\/\\\/www.riocopter.com.br\\\/blog\\\/arquitetura-do-rio-de-janeiro-vista-do-alto\\\/#breadcrumb\"},\"inLanguage\":\"pt-BR\",\"potentialAction\":[{\"@type\":\"ReadAction\",\"target\":[\"https:\\\/\\\/www.riocopter.com.br\\\/blog\\\/arquitetura-do-rio-de-janeiro-vista-do-alto\\\/\"]}]},{\"@type\":\"ImageObject\",\"inLanguage\":\"pt-BR\",\"@id\":\"https:\\\/\\\/www.riocopter.com.br\\\/blog\\\/arquitetura-do-rio-de-janeiro-vista-do-alto\\\/#primaryimage\",\"url\":\"https:\\\/\\\/www.riocopter.com.br\\\/blog\\\/wp-content\\\/uploads\\\/2025\\\/09\\\/llllllll.jpg\",\"contentUrl\":\"https:\\\/\\\/www.riocopter.com.br\\\/blog\\\/wp-content\\\/uploads\\\/2025\\\/09\\\/llllllll.jpg\",\"width\":1000,\"height\":430},{\"@type\":\"BreadcrumbList\",\"@id\":\"https:\\\/\\\/www.riocopter.com.br\\\/blog\\\/arquitetura-do-rio-de-janeiro-vista-do-alto\\\/#breadcrumb\",\"itemListElement\":[{\"@type\":\"ListItem\",\"position\":1,\"name\":\"In\u00edcio\",\"item\":\"https:\\\/\\\/www.riocopter.com.br\\\/blog\\\/\"},{\"@type\":\"ListItem\",\"position\":2,\"name\":\"Arquitetura do Rio de Janeiro Vista do Alto\"}]},{\"@type\":\"WebSite\",\"@id\":\"https:\\\/\\\/www.riocopter.com.br\\\/blog\\\/#website\",\"url\":\"https:\\\/\\\/www.riocopter.com.br\\\/blog\\\/\",\"name\":\"RIOCOPTER - Passeio de Helic\u00f3ptero\",\"description\":\"Passeio de Helic\u00f3ptero\",\"publisher\":{\"@id\":\"https:\\\/\\\/www.riocopter.com.br\\\/blog\\\/#organization\"},\"alternateName\":\"RIOCOPTER\",\"potentialAction\":[{\"@type\":\"SearchAction\",\"target\":{\"@type\":\"EntryPoint\",\"urlTemplate\":\"https:\\\/\\\/www.riocopter.com.br\\\/blog\\\/?s={search_term_string}\"},\"query-input\":{\"@type\":\"PropertyValueSpecification\",\"valueRequired\":true,\"valueName\":\"search_term_string\"}}],\"inLanguage\":\"pt-BR\"},{\"@type\":\"Organization\",\"@id\":\"https:\\\/\\\/www.riocopter.com.br\\\/blog\\\/#organization\",\"name\":\"RIOCOPTER - Passeios de Helic\u00f3ptero\",\"url\":\"https:\\\/\\\/www.riocopter.com.br\\\/blog\\\/\",\"logo\":{\"@type\":\"ImageObject\",\"inLanguage\":\"pt-BR\",\"@id\":\"https:\\\/\\\/www.riocopter.com.br\\\/blog\\\/#\\\/schema\\\/logo\\\/image\\\/\",\"url\":\"https:\\\/\\\/www.riocopter.com.br\\\/blog\\\/wp-content\\\/uploads\\\/2025\\\/06\\\/Logo_header.png\",\"contentUrl\":\"https:\\\/\\\/www.riocopter.com.br\\\/blog\\\/wp-content\\\/uploads\\\/2025\\\/06\\\/Logo_header.png\",\"width\":550,\"height\":128,\"caption\":\"RIOCOPTER - Passeios de Helic\u00f3ptero\"},\"image\":{\"@id\":\"https:\\\/\\\/www.riocopter.com.br\\\/blog\\\/#\\\/schema\\\/logo\\\/image\\\/\"},\"sameAs\":[\"https:\\\/\\\/www.instagram.com\\\/riocopteroficial\\\/\"]},{\"@type\":\"Person\",\"@id\":\"\"}]}<\/script>\n<!-- \/ Yoast SEO Premium plugin. -->","yoast_head_json":{"title":"Arquitetura do Rio de Janeiro Vista do Alto | RIOCOPTER - Passeios de Helic\u00f3ptero","robots":{"index":"index","follow":"follow","max-snippet":"max-snippet:-1","max-image-preview":"max-image-preview:large","max-video-preview":"max-video-preview:-1"},"canonical":"https:\/\/www.riocopter.com.br\/blog\/arquitetura-do-rio-de-janeiro-vista-do-alto\/","og_locale":"pt_BR","og_type":"article","og_title":"Arquitetura do Rio de Janeiro Vista do Alto","og_description":"Uma Jornada Atrav\u00e9s dos Estilos: Voo Helic\u00f3ptero Rio Arquitetura Arquitetura do Rio de Janeiro Vista ... Saiba Mais","og_url":"https:\/\/www.riocopter.com.br\/blog\/arquitetura-do-rio-de-janeiro-vista-do-alto\/","og_site_name":"RIOCOPTER - Passeios de Helic\u00f3ptero","article_published_time":"2025-09-17T14:18:40+00:00","article_modified_time":"2025-12-16T00:43:17+00:00","og_image":[{"width":1000,"height":430,"url":"https:\/\/www.riocopter.com.br\/blog\/wp-content\/uploads\/2025\/09\/llllllll.jpg","type":"image\/jpeg"}],"twitter_misc":{"Escrito por":"","Est. tempo de leitura":"6 minutos"},"schema":{"@context":"https:\/\/schema.org","@graph":[{"@type":"Article","@id":"https:\/\/www.riocopter.com.br\/blog\/arquitetura-do-rio-de-janeiro-vista-do-alto\/#article","isPartOf":{"@id":"https:\/\/www.riocopter.com.br\/blog\/arquitetura-do-rio-de-janeiro-vista-do-alto\/"},"author":{"name":"","@id":""},"headline":"Arquitetura do Rio de Janeiro Vista do Alto","datePublished":"2025-09-17T14:18:40+00:00","dateModified":"2025-12-16T00:43:17+00:00","mainEntityOfPage":{"@id":"https:\/\/www.riocopter.com.br\/blog\/arquitetura-do-rio-de-janeiro-vista-do-alto\/"},"wordCount":1107,"publisher":{"@id":"https:\/\/www.riocopter.com.br\/blog\/#organization"},"image":{"@id":"https:\/\/www.riocopter.com.br\/blog\/arquitetura-do-rio-de-janeiro-vista-do-alto\/#primaryimage"},"thumbnailUrl":"https:\/\/www.riocopter.com.br\/blog\/wp-content\/uploads\/2025\/09\/llllllll.jpg","keywords":["Arquitetura do Rio de Janeiro Vista do Alto"],"articleSection":["News"],"inLanguage":"pt-BR"},{"@type":"WebPage","@id":"https:\/\/www.riocopter.com.br\/blog\/arquitetura-do-rio-de-janeiro-vista-do-alto\/","url":"https:\/\/www.riocopter.com.br\/blog\/arquitetura-do-rio-de-janeiro-vista-do-alto\/","name":"Arquitetura do Rio de Janeiro Vista do Alto | RIOCOPTER - Passeios de Helic\u00f3ptero","isPartOf":{"@id":"https:\/\/www.riocopter.com.br\/blog\/#website"},"primaryImageOfPage":{"@id":"https:\/\/www.riocopter.com.br\/blog\/arquitetura-do-rio-de-janeiro-vista-do-alto\/#primaryimage"},"image":{"@id":"https:\/\/www.riocopter.com.br\/blog\/arquitetura-do-rio-de-janeiro-vista-do-alto\/#primaryimage"},"thumbnailUrl":"https:\/\/www.riocopter.com.br\/blog\/wp-content\/uploads\/2025\/09\/llllllll.jpg","datePublished":"2025-09-17T14:18:40+00:00","dateModified":"2025-12-16T00:43:17+00:00","breadcrumb":{"@id":"https:\/\/www.riocopter.com.br\/blog\/arquitetura-do-rio-de-janeiro-vista-do-alto\/#breadcrumb"},"inLanguage":"pt-BR","potentialAction":[{"@type":"ReadAction","target":["https:\/\/www.riocopter.com.br\/blog\/arquitetura-do-rio-de-janeiro-vista-do-alto\/"]}]},{"@type":"ImageObject","inLanguage":"pt-BR","@id":"https:\/\/www.riocopter.com.br\/blog\/arquitetura-do-rio-de-janeiro-vista-do-alto\/#primaryimage","url":"https:\/\/www.riocopter.com.br\/blog\/wp-content\/uploads\/2025\/09\/llllllll.jpg","contentUrl":"https:\/\/www.riocopter.com.br\/blog\/wp-content\/uploads\/2025\/09\/llllllll.jpg","width":1000,"height":430},{"@type":"BreadcrumbList","@id":"https:\/\/www.riocopter.com.br\/blog\/arquitetura-do-rio-de-janeiro-vista-do-alto\/#breadcrumb","itemListElement":[{"@type":"ListItem","position":1,"name":"In\u00edcio","item":"https:\/\/www.riocopter.com.br\/blog\/"},{"@type":"ListItem","position":2,"name":"Arquitetura do Rio de Janeiro Vista do Alto"}]},{"@type":"WebSite","@id":"https:\/\/www.riocopter.com.br\/blog\/#website","url":"https:\/\/www.riocopter.com.br\/blog\/","name":"RIOCOPTER - Passeio de Helic\u00f3ptero","description":"Passeio de Helic\u00f3ptero","publisher":{"@id":"https:\/\/www.riocopter.com.br\/blog\/#organization"},"alternateName":"RIOCOPTER","potentialAction":[{"@type":"SearchAction","target":{"@type":"EntryPoint","urlTemplate":"https:\/\/www.riocopter.com.br\/blog\/?s={search_term_string}"},"query-input":{"@type":"PropertyValueSpecification","valueRequired":true,"valueName":"search_term_string"}}],"inLanguage":"pt-BR"},{"@type":"Organization","@id":"https:\/\/www.riocopter.com.br\/blog\/#organization","name":"RIOCOPTER - Passeios de Helic\u00f3ptero","url":"https:\/\/www.riocopter.com.br\/blog\/","logo":{"@type":"ImageObject","inLanguage":"pt-BR","@id":"https:\/\/www.riocopter.com.br\/blog\/#\/schema\/logo\/image\/","url":"https:\/\/www.riocopter.com.br\/blog\/wp-content\/uploads\/2025\/06\/Logo_header.png","contentUrl":"https:\/\/www.riocopter.com.br\/blog\/wp-content\/uploads\/2025\/06\/Logo_header.png","width":550,"height":128,"caption":"RIOCOPTER - Passeios de Helic\u00f3ptero"},"image":{"@id":"https:\/\/www.riocopter.com.br\/blog\/#\/schema\/logo\/image\/"},"sameAs":["https:\/\/www.instagram.com\/riocopteroficial\/"]},{"@type":"Person","@id":""}]}},"_links":{"self":[{"href":"https:\/\/www.riocopter.com.br\/blog\/wp-json\/wp\/v2\/posts\/1635","targetHints":{"allow":["GET"]}}],"collection":[{"href":"https:\/\/www.riocopter.com.br\/blog\/wp-json\/wp\/v2\/posts"}],"about":[{"href":"https:\/\/www.riocopter.com.br\/blog\/wp-json\/wp\/v2\/types\/post"}],"author":[{"embeddable":true,"href":"https:\/\/www.riocopter.com.br\/blog\/wp-json\/wp\/v2\/users\/2"}],"replies":[{"embeddable":true,"href":"https:\/\/www.riocopter.com.br\/blog\/wp-json\/wp\/v2\/comments?post=1635"}],"version-history":[{"count":0,"href":"https:\/\/www.riocopter.com.br\/blog\/wp-json\/wp\/v2\/posts\/1635\/revisions"}],"wp:featuredmedia":[{"embeddable":true,"href":"https:\/\/www.riocopter.com.br\/blog\/wp-json\/wp\/v2\/media\/1519"}],"wp:attachment":[{"href":"https:\/\/www.riocopter.com.br\/blog\/wp-json\/wp\/v2\/media?parent=1635"}],"wp:term":[{"taxonomy":"category","embeddable":true,"href":"https:\/\/www.riocopter.com.br\/blog\/wp-json\/wp\/v2\/categories?post=1635"},{"taxonomy":"post_tag","embeddable":true,"href":"https:\/\/www.riocopter.com.br\/blog\/wp-json\/wp\/v2\/tags?post=1635"}],"curies":[{"name":"wp","href":"https:\/\/api.w.org\/{rel}","templated":true}]}}