{"id":1623,"date":"2025-09-13T14:49:03","date_gmt":"2025-09-13T14:49:03","guid":{"rendered":"https:\/\/www.riocopter.com.br\/blog\/?p=1623"},"modified":"2025-12-16T13:13:42","modified_gmt":"2025-12-16T13:13:42","slug":"celebracoes-especiais-nas-alturas","status":"publish","type":"post","link":"https:\/\/www.riocopter.com.br\/blog\/celebracoes-especiais-nas-alturas\/","title":{"rendered":"Celebra\u00e7\u00f5es Especiais nas Alturas"},"content":{"rendered":"<h1>Transformando Celebra\u00e7\u00f5es em Experi\u00eancias: Voo Helic\u00f3ptero Rio Anivers\u00e1rio<\/h1>\n<p>Celebra\u00e7\u00f5es Especiais nas Alturas. O <strong>voo helic\u00f3ptero Rio anivers\u00e1rio<\/strong> revolucionou a forma como pessoas comemoram datas importantes nas alturas. De fato, celebrar momentos especiais merece cen\u00e1rios \u00e0 altura da import\u00e2ncia dessas ocasi\u00f5es \u00fanicas. Consequentemente, anivers\u00e1rios, formaturas e aposentadorias ganham perspectiva \u00fanica e transformadora. Portanto, voc\u00ea transforma datas importantes em mem\u00f3rias verdadeiramente extraordin\u00e1rias<a href=\"https:\/\/www.riocopter.com.br\/\">.<\/a><\/p>\n<p>Essa modalidade de celebra\u00e7\u00e3o oferece experi\u00eancia que transcende comemora\u00e7\u00f5es convencionais completamente. De fato, conquistar os c\u00e9us simboliza crescimento pessoal e realiza\u00e7\u00f5es alcan\u00e7adas ao longo da vida. Consequentemente, voc\u00ea cria conex\u00f5es emocionais duradouras com a data celebrada<a href=\"https:\/\/www.instagram.com\/riocopteroficial\/\" target=\"_blank\" rel=\"noopener\">.<\/a><\/p>\n<h2>Psicologia das Celebra\u00e7\u00f5es no Voo Helic\u00f3ptero Rio Anivers\u00e1rio<\/h2>\n<p>Comemorar nas alturas desperta sensa\u00e7\u00f5es psicol\u00f3gicas profundas que amplificam impacto emocional significativamente. De fato, o <strong>voo helic\u00f3ptero Rio anivers\u00e1rio<\/strong> proporciona sensa\u00e7\u00e3o literal de eleva\u00e7\u00e3o simbolizando crescimento. Consequentemente, o aniversariante experimenta met\u00e1fora visual que representa conquistas alcan\u00e7adas<a href=\"https:\/\/www.riocopter.com.br\/blog\/sobrevoar-o-rio-de-janeiro-a-aventura-aerea-que-todos-deveriam-experimentar\/\" target=\"_blank\" rel=\"noopener\">.<\/a><\/p>\n<p>Benef\u00edcios psicol\u00f3gicos das celebra\u00e7\u00f5es a\u00e9reas:<\/p>\n<ul>\n<li>Sensa\u00e7\u00e3o de eleva\u00e7\u00e3o simbolizando crescimento pessoal<\/li>\n<li>Conex\u00f5es emocionais duradouras com data celebrada<\/li>\n<li>Sentimentos de empoderamento e realiza\u00e7\u00e3o<\/li>\n<li>Autoestima e reconhecimento do pr\u00f3prio valor<\/li>\n<\/ul>\n<p>A perspectiva a\u00e9rea da cidade proporciona sensa\u00e7\u00e3o de conquista e supera\u00e7\u00e3o poderosas. Al\u00e9m disso, ver o Rio do alto gera sentimentos de empoderamento associados ao marco pessoal. Portanto, muitos aniversariantes descrevem a experi\u00eancia como &#8220;presente para si mesmo&#8221;.<\/p>\n<p>A <strong>RIOCOPTER<\/strong> recebe crescente procura de pessoas desejando marcar transi\u00e7\u00f5es de forma memor\u00e1vel. De fato, realizamos voos panor\u00e2micos com ou sem portas para celebra\u00e7\u00f5es especiais.<\/p>\n<h2>Idades Especiais no Voo Helic\u00f3ptero Rio Anivers\u00e1rio<\/h2>\n<p>Certos anivers\u00e1rios carregam significado especial merecendo celebra\u00e7\u00f5es proporcionais \u00e0 import\u00e2ncia deles. De fato, o <strong>voo helic\u00f3ptero Rio anivers\u00e1rio<\/strong> de 18 anos simboliza maioridade e liberdade rec\u00e9m-conquistada. Consequentemente, voos doors-off representam perfeitamente novos horizontes que se abrem para voc\u00ea.<\/p>\n<p>Idades marcantes para celebrar nas alturas:<\/p>\n<ul>\n<li>18 anos: maioridade e liberdade conquistada<\/li>\n<li>30 anos: consolida\u00e7\u00e3o de carreira e maturidade<\/li>\n<li>40 anos: plenitude profissional e pessoal<\/li>\n<li>50 anos: sabedoria e realiza\u00e7\u00f5es acumuladas<\/li>\n<\/ul>\n<p>Anivers\u00e1rios de 30, 40 e 50 anos frequentemente provocam reflex\u00f5es sobre conquistas e sonhos. Al\u00e9m disso, voos panor\u00e2micos oferecem ambiente perfeito para introspec\u00e7\u00e3o elevada sobre sua jornada. Portanto, voc\u00ea contempla realiza\u00e7\u00f5es enquanto admira grandiosidade da paisagem carioca.<\/p>\n<h2>Celebra\u00e7\u00f5es em Grupo no Voo Helic\u00f3ptero Rio Anivers\u00e1rio<\/h2>\n<p>Os voos adaptam-se perfeitamente a celebra\u00e7\u00f5es coletivas com grupos de amigos especiais. De fato, o <strong>voo helic\u00f3ptero Rio anivers\u00e1rio<\/strong> cria mem\u00f3rias coletivas que fortalecem la\u00e7os de amizade. Consequentemente, a din\u00e2mica social durante o voo intensifica conex\u00f5es interpessoais genu\u00ednas.<\/p>\n<p>Celebra\u00e7\u00f5es familiares ganham dimens\u00e3o especial quando av\u00f3s, pais e filhos compartilham perspectiva a\u00e9rea. Al\u00e9m disso, experi\u00eancias intergeracionais frequentemente se tornam tradi\u00e7\u00f5es familiares duradouras. Portanto, diferentes gera\u00e7\u00f5es retornam para celebrar marcos importantes nas alturas.<\/p>\n<h2>Formaturas no Voo Helic\u00f3ptero Rio Anivers\u00e1rio<\/h2>\n<p>Formaturas representam conquistas significativas merecendo celebra\u00e7\u00f5es proporcionais ao esfor\u00e7o investido nos estudos. De fato, o <strong>voo helic\u00f3ptero Rio anivers\u00e1rio<\/strong> de formatura simboliza eleva\u00e7\u00e3o intelectual e profissional alcan\u00e7ada. Consequentemente, a vista a\u00e9rea da cidade onde voc\u00ea estudou cria conex\u00f5es emocionais.<\/p>\n<p>Durante voos doors-off, formandos experimentam sensa\u00e7\u00e3o de liberdade acompanhando conhecimento adquirido. Al\u00e9m disso, essa experi\u00eancia sensorial ajuda a fixar na mem\u00f3ria todo per\u00edodo de estudos. Portanto, voc\u00ea celebra n\u00e3o apenas o momento, mas toda jornada de crescimento.<\/p>\n<h2>Aposentadorias no Voo Helic\u00f3ptero Rio Anivers\u00e1rio<\/h2>\n<p>A aposentadoria marca transi\u00e7\u00e3o significativa na vida adulta merecendo celebra\u00e7\u00e3o especial adequada. De fato, o <strong>voo helic\u00f3ptero Rio anivers\u00e1rio<\/strong> de aposentadoria oferece simbolismo sobre novos come\u00e7os. Consequentemente, a perspectiva a\u00e9rea representa literalmente nova vis\u00e3o sobre a vida ap\u00f3s carreira.<\/p>\n<p>Muitos aposentados escolhem voos panor\u00e2micos para celebrar d\u00e9cadas de trabalho \u00e1rduo conquistadas. Al\u00e9m disso, a grandiosidade da vista proporciona sensa\u00e7\u00e3o de realiza\u00e7\u00e3o e orgulho merecidos. Portanto, voc\u00ea honra adequadamente uma carreira bem-sucedida com celebra\u00e7\u00e3o \u00e0 altura.<\/p>\n<h2>Surpresas A\u00e9reas no Voo Helic\u00f3ptero Rio Anivers\u00e1rio<\/h2>\n<p>Organizar voos-surpresa para celebra\u00e7\u00f5es requer coordena\u00e7\u00e3o cuidadosa mas resulta em impacto extraordin\u00e1rio. De fato, o <strong>voo helic\u00f3ptero Rio anivers\u00e1rio<\/strong> surpresa amplifica significativamente a alegria do momento. Consequentemente, familiares e amigos colaboram discretamente para criar experi\u00eancias inesquec\u00edveis.<\/p>\n<p>Durante voos surpresa, a rea\u00e7\u00e3o genu\u00edna do celebrante cria momentos aut\u00eanticos e emocionais. Al\u00e9m disso, fot\u00f3grafos especializados documentam essas rea\u00e7\u00f5es espont\u00e2neas produzindo imagens preciosas. Portanto, voc\u00ea captura express\u00f5es genu\u00ednas que se tornam recorda\u00e7\u00f5es valiosas.<\/p>\n<h2>Personaliza\u00e7\u00e3o no Voo Helic\u00f3ptero Rio Anivers\u00e1rio<\/h2>\n<p>Cada celebra\u00e7\u00e3o pode refletir personalidade e prefer\u00eancias do aniversariante de forma \u00fanica. De fato, o <strong>voo helic\u00f3ptero Rio anivers\u00e1rio<\/strong> doors-off atrai personalidades mais aventureiras e extrovertidas. Consequentemente, voos panor\u00e2micos tradicionais atendem perfis mais contemplativos perfeitamente.<\/p>\n<p>Op\u00e7\u00f5es de personaliza\u00e7\u00e3o dispon\u00edveis:<\/p>\n<ul>\n<li>Voos doors-off para aventureiros extrovertidos<\/li>\n<li>Voos tradicionais para perfis contemplativos<\/li>\n<li>Manh\u00e3s simbolizando novos come\u00e7os<\/li>\n<li>Tardes criando atmosferas rom\u00e2nticas reflexivas<\/li>\n<\/ul>\n<p>A escolha de hor\u00e1rios tamb\u00e9m permite tematiza\u00e7\u00e3o espec\u00edfica para cada celebra\u00e7\u00e3o. Al\u00e9m disso, manh\u00e3s oferecem energia renovada enquanto tardes criam atmosferas contemplativas. Portanto, voc\u00ea personaliza cada detalhe tornando experi\u00eancia verdadeiramente \u00fanica.<\/p>\n<h2>Reserve Seu Voo Helic\u00f3ptero Rio Anivers\u00e1rio Hoje<\/h2>\n<p>Transforme suas celebra\u00e7\u00f5es em experi\u00eancias que transcendem o comum e criam mem\u00f3rias duradouras. De fato, o <strong>voo helic\u00f3ptero Rio anivers\u00e1rio<\/strong> estabelece tradi\u00e7\u00e3o familiar que honra momentos importantes. Consequentemente, a <strong>RIOCOPTER<\/strong> est\u00e1 pronta para proporcionar essa celebra\u00e7\u00e3o especial.<\/p>\n<p>Agende sua celebra\u00e7\u00e3o e crie hist\u00f3rias que ser\u00e3o contadas por gera\u00e7\u00f5es futuras com orgulho. Portanto, entre em contato e eleve seus momentos especiais \u00e0s alturas cariocas.<\/p>\n<p>Em conclus\u00e3o, celebra\u00e7\u00f5es a\u00e9reas criam mem\u00f3rias extraordin\u00e1rias que duram para sempre na fam\u00edlia. Afinal, momentos importantes merecem cen\u00e1rios \u00e0 altura de sua signific\u00e2ncia!<\/p>\n<p>&nbsp;<\/p>\n","protected":false},"excerpt":{"rendered":"<p>Transformando Celebra\u00e7\u00f5es em Experi\u00eancias: Voo Helic\u00f3ptero Rio Anivers\u00e1rio Celebra\u00e7\u00f5es Especiais nas Alturas. O voo helic\u00f3ptero &#8230; <a class=\"cz_readmore cz_readmore_no_icon\" href=\"https:\/\/www.riocopter.com.br\/blog\/celebracoes-especiais-nas-alturas\/\"><span>Saiba Mais<\/span><\/a><\/p>\n","protected":false},"author":2,"featured_media":1516,"comment_status":"closed","ping_status":"closed","sticky":false,"template":"","format":"standard","meta":{"footnotes":""},"categories":[60],"tags":[133],"class_list":["post-1623","post","type-post","status-publish","format-standard","has-post-thumbnail","hentry","category-saiba-mais","tag-celebracoes-especiais-nas-alturas"],"yoast_head":"<!-- This site is optimized with the Yoast SEO Premium plugin v26.5 (Yoast SEO v27.5) - https:\/\/yoast.com\/product\/yoast-seo-premium-wordpress\/ -->\n<title>Celebra\u00e7\u00f5es Especiais nas Alturas | RIOCOPTER - Passeios de Helic\u00f3ptero<\/title>\n<meta name=\"robots\" content=\"index, follow, max-snippet:-1, max-image-preview:large, max-video-preview:-1\" \/>\n<link rel=\"canonical\" href=\"https:\/\/www.riocopter.com.br\/blog\/celebracoes-especiais-nas-alturas\/\" \/>\n<meta property=\"og:locale\" content=\"pt_BR\" \/>\n<meta property=\"og:type\" content=\"article\" \/>\n<meta property=\"og:title\" content=\"Celebra\u00e7\u00f5es Especiais nas Alturas\" \/>\n<meta property=\"og:description\" content=\"Transformando Celebra\u00e7\u00f5es em Experi\u00eancias: Voo Helic\u00f3ptero Rio Anivers\u00e1rio Celebra\u00e7\u00f5es Especiais nas Alturas. O voo helic\u00f3ptero ... Saiba Mais\" \/>\n<meta property=\"og:url\" content=\"https:\/\/www.riocopter.com.br\/blog\/celebracoes-especiais-nas-alturas\/\" \/>\n<meta property=\"og:site_name\" content=\"RIOCOPTER - Passeios de Helic\u00f3ptero\" \/>\n<meta property=\"article:published_time\" content=\"2025-09-13T14:49:03+00:00\" \/>\n<meta property=\"article:modified_time\" content=\"2025-12-16T13:13:42+00:00\" \/>\n<meta property=\"og:image\" content=\"https:\/\/www.riocopter.com.br\/blog\/wp-content\/uploads\/2025\/09\/kkkkkkk.jpg\" \/>\n\t<meta property=\"og:image:width\" content=\"1000\" \/>\n\t<meta property=\"og:image:height\" content=\"430\" \/>\n\t<meta property=\"og:image:type\" content=\"image\/jpeg\" \/>\n<meta name=\"twitter:label1\" content=\"Escrito por\" \/>\n\t<meta name=\"twitter:data1\" content=\"\" \/>\n\t<meta name=\"twitter:label2\" content=\"Est. tempo de leitura\" \/>\n\t<meta name=\"twitter:data2\" content=\"5 minutos\" \/>\n<script type=\"application\/ld+json\" class=\"yoast-schema-graph\">{\"@context\":\"https:\\\/\\\/schema.org\",\"@graph\":[{\"@type\":\"Article\",\"@id\":\"https:\\\/\\\/www.riocopter.com.br\\\/blog\\\/celebracoes-especiais-nas-alturas\\\/#article\",\"isPartOf\":{\"@id\":\"https:\\\/\\\/www.riocopter.com.br\\\/blog\\\/celebracoes-especiais-nas-alturas\\\/\"},\"author\":{\"name\":\"\",\"@id\":\"\"},\"headline\":\"Celebra\u00e7\u00f5es Especiais nas Alturas\",\"datePublished\":\"2025-09-13T14:49:03+00:00\",\"dateModified\":\"2025-12-16T13:13:42+00:00\",\"mainEntityOfPage\":{\"@id\":\"https:\\\/\\\/www.riocopter.com.br\\\/blog\\\/celebracoes-especiais-nas-alturas\\\/\"},\"wordCount\":1024,\"publisher\":{\"@id\":\"https:\\\/\\\/www.riocopter.com.br\\\/blog\\\/#organization\"},\"image\":{\"@id\":\"https:\\\/\\\/www.riocopter.com.br\\\/blog\\\/celebracoes-especiais-nas-alturas\\\/#primaryimage\"},\"thumbnailUrl\":\"https:\\\/\\\/www.riocopter.com.br\\\/blog\\\/wp-content\\\/uploads\\\/2025\\\/09\\\/kkkkkkk.jpg\",\"keywords\":[\"Celebra\u00e7\u00f5es Especiais nas Alturas\"],\"articleSection\":[\"Saiba Mais...\"],\"inLanguage\":\"pt-BR\"},{\"@type\":\"WebPage\",\"@id\":\"https:\\\/\\\/www.riocopter.com.br\\\/blog\\\/celebracoes-especiais-nas-alturas\\\/\",\"url\":\"https:\\\/\\\/www.riocopter.com.br\\\/blog\\\/celebracoes-especiais-nas-alturas\\\/\",\"name\":\"Celebra\u00e7\u00f5es Especiais nas Alturas | RIOCOPTER - Passeios de Helic\u00f3ptero\",\"isPartOf\":{\"@id\":\"https:\\\/\\\/www.riocopter.com.br\\\/blog\\\/#website\"},\"primaryImageOfPage\":{\"@id\":\"https:\\\/\\\/www.riocopter.com.br\\\/blog\\\/celebracoes-especiais-nas-alturas\\\/#primaryimage\"},\"image\":{\"@id\":\"https:\\\/\\\/www.riocopter.com.br\\\/blog\\\/celebracoes-especiais-nas-alturas\\\/#primaryimage\"},\"thumbnailUrl\":\"https:\\\/\\\/www.riocopter.com.br\\\/blog\\\/wp-content\\\/uploads\\\/2025\\\/09\\\/kkkkkkk.jpg\",\"datePublished\":\"2025-09-13T14:49:03+00:00\",\"dateModified\":\"2025-12-16T13:13:42+00:00\",\"breadcrumb\":{\"@id\":\"https:\\\/\\\/www.riocopter.com.br\\\/blog\\\/celebracoes-especiais-nas-alturas\\\/#breadcrumb\"},\"inLanguage\":\"pt-BR\",\"potentialAction\":[{\"@type\":\"ReadAction\",\"target\":[\"https:\\\/\\\/www.riocopter.com.br\\\/blog\\\/celebracoes-especiais-nas-alturas\\\/\"]}]},{\"@type\":\"ImageObject\",\"inLanguage\":\"pt-BR\",\"@id\":\"https:\\\/\\\/www.riocopter.com.br\\\/blog\\\/celebracoes-especiais-nas-alturas\\\/#primaryimage\",\"url\":\"https:\\\/\\\/www.riocopter.com.br\\\/blog\\\/wp-content\\\/uploads\\\/2025\\\/09\\\/kkkkkkk.jpg\",\"contentUrl\":\"https:\\\/\\\/www.riocopter.com.br\\\/blog\\\/wp-content\\\/uploads\\\/2025\\\/09\\\/kkkkkkk.jpg\",\"width\":1000,\"height\":430},{\"@type\":\"BreadcrumbList\",\"@id\":\"https:\\\/\\\/www.riocopter.com.br\\\/blog\\\/celebracoes-especiais-nas-alturas\\\/#breadcrumb\",\"itemListElement\":[{\"@type\":\"ListItem\",\"position\":1,\"name\":\"In\u00edcio\",\"item\":\"https:\\\/\\\/www.riocopter.com.br\\\/blog\\\/\"},{\"@type\":\"ListItem\",\"position\":2,\"name\":\"Celebra\u00e7\u00f5es Especiais nas Alturas\"}]},{\"@type\":\"WebSite\",\"@id\":\"https:\\\/\\\/www.riocopter.com.br\\\/blog\\\/#website\",\"url\":\"https:\\\/\\\/www.riocopter.com.br\\\/blog\\\/\",\"name\":\"RIOCOPTER - Passeio de Helic\u00f3ptero\",\"description\":\"Passeio de Helic\u00f3ptero\",\"publisher\":{\"@id\":\"https:\\\/\\\/www.riocopter.com.br\\\/blog\\\/#organization\"},\"alternateName\":\"RIOCOPTER\",\"potentialAction\":[{\"@type\":\"SearchAction\",\"target\":{\"@type\":\"EntryPoint\",\"urlTemplate\":\"https:\\\/\\\/www.riocopter.com.br\\\/blog\\\/?s={search_term_string}\"},\"query-input\":{\"@type\":\"PropertyValueSpecification\",\"valueRequired\":true,\"valueName\":\"search_term_string\"}}],\"inLanguage\":\"pt-BR\"},{\"@type\":\"Organization\",\"@id\":\"https:\\\/\\\/www.riocopter.com.br\\\/blog\\\/#organization\",\"name\":\"RIOCOPTER - Passeios de Helic\u00f3ptero\",\"url\":\"https:\\\/\\\/www.riocopter.com.br\\\/blog\\\/\",\"logo\":{\"@type\":\"ImageObject\",\"inLanguage\":\"pt-BR\",\"@id\":\"https:\\\/\\\/www.riocopter.com.br\\\/blog\\\/#\\\/schema\\\/logo\\\/image\\\/\",\"url\":\"https:\\\/\\\/www.riocopter.com.br\\\/blog\\\/wp-content\\\/uploads\\\/2025\\\/06\\\/Logo_header.png\",\"contentUrl\":\"https:\\\/\\\/www.riocopter.com.br\\\/blog\\\/wp-content\\\/uploads\\\/2025\\\/06\\\/Logo_header.png\",\"width\":550,\"height\":128,\"caption\":\"RIOCOPTER - Passeios de Helic\u00f3ptero\"},\"image\":{\"@id\":\"https:\\\/\\\/www.riocopter.com.br\\\/blog\\\/#\\\/schema\\\/logo\\\/image\\\/\"},\"sameAs\":[\"https:\\\/\\\/www.instagram.com\\\/riocopteroficial\\\/\"]},{\"@type\":\"Person\",\"@id\":\"\"}]}<\/script>\n<!-- \/ Yoast SEO Premium plugin. -->","yoast_head_json":{"title":"Celebra\u00e7\u00f5es Especiais nas Alturas | RIOCOPTER - Passeios de Helic\u00f3ptero","robots":{"index":"index","follow":"follow","max-snippet":"max-snippet:-1","max-image-preview":"max-image-preview:large","max-video-preview":"max-video-preview:-1"},"canonical":"https:\/\/www.riocopter.com.br\/blog\/celebracoes-especiais-nas-alturas\/","og_locale":"pt_BR","og_type":"article","og_title":"Celebra\u00e7\u00f5es Especiais nas Alturas","og_description":"Transformando Celebra\u00e7\u00f5es em Experi\u00eancias: Voo Helic\u00f3ptero Rio Anivers\u00e1rio Celebra\u00e7\u00f5es Especiais nas Alturas. O voo helic\u00f3ptero ... Saiba Mais","og_url":"https:\/\/www.riocopter.com.br\/blog\/celebracoes-especiais-nas-alturas\/","og_site_name":"RIOCOPTER - Passeios de Helic\u00f3ptero","article_published_time":"2025-09-13T14:49:03+00:00","article_modified_time":"2025-12-16T13:13:42+00:00","og_image":[{"width":1000,"height":430,"url":"https:\/\/www.riocopter.com.br\/blog\/wp-content\/uploads\/2025\/09\/kkkkkkk.jpg","type":"image\/jpeg"}],"twitter_misc":{"Escrito por":"","Est. tempo de leitura":"5 minutos"},"schema":{"@context":"https:\/\/schema.org","@graph":[{"@type":"Article","@id":"https:\/\/www.riocopter.com.br\/blog\/celebracoes-especiais-nas-alturas\/#article","isPartOf":{"@id":"https:\/\/www.riocopter.com.br\/blog\/celebracoes-especiais-nas-alturas\/"},"author":{"name":"","@id":""},"headline":"Celebra\u00e7\u00f5es Especiais nas Alturas","datePublished":"2025-09-13T14:49:03+00:00","dateModified":"2025-12-16T13:13:42+00:00","mainEntityOfPage":{"@id":"https:\/\/www.riocopter.com.br\/blog\/celebracoes-especiais-nas-alturas\/"},"wordCount":1024,"publisher":{"@id":"https:\/\/www.riocopter.com.br\/blog\/#organization"},"image":{"@id":"https:\/\/www.riocopter.com.br\/blog\/celebracoes-especiais-nas-alturas\/#primaryimage"},"thumbnailUrl":"https:\/\/www.riocopter.com.br\/blog\/wp-content\/uploads\/2025\/09\/kkkkkkk.jpg","keywords":["Celebra\u00e7\u00f5es Especiais nas Alturas"],"articleSection":["Saiba Mais..."],"inLanguage":"pt-BR"},{"@type":"WebPage","@id":"https:\/\/www.riocopter.com.br\/blog\/celebracoes-especiais-nas-alturas\/","url":"https:\/\/www.riocopter.com.br\/blog\/celebracoes-especiais-nas-alturas\/","name":"Celebra\u00e7\u00f5es Especiais nas Alturas | RIOCOPTER - Passeios de Helic\u00f3ptero","isPartOf":{"@id":"https:\/\/www.riocopter.com.br\/blog\/#website"},"primaryImageOfPage":{"@id":"https:\/\/www.riocopter.com.br\/blog\/celebracoes-especiais-nas-alturas\/#primaryimage"},"image":{"@id":"https:\/\/www.riocopter.com.br\/blog\/celebracoes-especiais-nas-alturas\/#primaryimage"},"thumbnailUrl":"https:\/\/www.riocopter.com.br\/blog\/wp-content\/uploads\/2025\/09\/kkkkkkk.jpg","datePublished":"2025-09-13T14:49:03+00:00","dateModified":"2025-12-16T13:13:42+00:00","breadcrumb":{"@id":"https:\/\/www.riocopter.com.br\/blog\/celebracoes-especiais-nas-alturas\/#breadcrumb"},"inLanguage":"pt-BR","potentialAction":[{"@type":"ReadAction","target":["https:\/\/www.riocopter.com.br\/blog\/celebracoes-especiais-nas-alturas\/"]}]},{"@type":"ImageObject","inLanguage":"pt-BR","@id":"https:\/\/www.riocopter.com.br\/blog\/celebracoes-especiais-nas-alturas\/#primaryimage","url":"https:\/\/www.riocopter.com.br\/blog\/wp-content\/uploads\/2025\/09\/kkkkkkk.jpg","contentUrl":"https:\/\/www.riocopter.com.br\/blog\/wp-content\/uploads\/2025\/09\/kkkkkkk.jpg","width":1000,"height":430},{"@type":"BreadcrumbList","@id":"https:\/\/www.riocopter.com.br\/blog\/celebracoes-especiais-nas-alturas\/#breadcrumb","itemListElement":[{"@type":"ListItem","position":1,"name":"In\u00edcio","item":"https:\/\/www.riocopter.com.br\/blog\/"},{"@type":"ListItem","position":2,"name":"Celebra\u00e7\u00f5es Especiais nas Alturas"}]},{"@type":"WebSite","@id":"https:\/\/www.riocopter.com.br\/blog\/#website","url":"https:\/\/www.riocopter.com.br\/blog\/","name":"RIOCOPTER - Passeio de Helic\u00f3ptero","description":"Passeio de Helic\u00f3ptero","publisher":{"@id":"https:\/\/www.riocopter.com.br\/blog\/#organization"},"alternateName":"RIOCOPTER","potentialAction":[{"@type":"SearchAction","target":{"@type":"EntryPoint","urlTemplate":"https:\/\/www.riocopter.com.br\/blog\/?s={search_term_string}"},"query-input":{"@type":"PropertyValueSpecification","valueRequired":true,"valueName":"search_term_string"}}],"inLanguage":"pt-BR"},{"@type":"Organization","@id":"https:\/\/www.riocopter.com.br\/blog\/#organization","name":"RIOCOPTER - Passeios de Helic\u00f3ptero","url":"https:\/\/www.riocopter.com.br\/blog\/","logo":{"@type":"ImageObject","inLanguage":"pt-BR","@id":"https:\/\/www.riocopter.com.br\/blog\/#\/schema\/logo\/image\/","url":"https:\/\/www.riocopter.com.br\/blog\/wp-content\/uploads\/2025\/06\/Logo_header.png","contentUrl":"https:\/\/www.riocopter.com.br\/blog\/wp-content\/uploads\/2025\/06\/Logo_header.png","width":550,"height":128,"caption":"RIOCOPTER - Passeios de Helic\u00f3ptero"},"image":{"@id":"https:\/\/www.riocopter.com.br\/blog\/#\/schema\/logo\/image\/"},"sameAs":["https:\/\/www.instagram.com\/riocopteroficial\/"]},{"@type":"Person","@id":""}]}},"_links":{"self":[{"href":"https:\/\/www.riocopter.com.br\/blog\/wp-json\/wp\/v2\/posts\/1623","targetHints":{"allow":["GET"]}}],"collection":[{"href":"https:\/\/www.riocopter.com.br\/blog\/wp-json\/wp\/v2\/posts"}],"about":[{"href":"https:\/\/www.riocopter.com.br\/blog\/wp-json\/wp\/v2\/types\/post"}],"author":[{"embeddable":true,"href":"https:\/\/www.riocopter.com.br\/blog\/wp-json\/wp\/v2\/users\/2"}],"replies":[{"embeddable":true,"href":"https:\/\/www.riocopter.com.br\/blog\/wp-json\/wp\/v2\/comments?post=1623"}],"version-history":[{"count":0,"href":"https:\/\/www.riocopter.com.br\/blog\/wp-json\/wp\/v2\/posts\/1623\/revisions"}],"wp:featuredmedia":[{"embeddable":true,"href":"https:\/\/www.riocopter.com.br\/blog\/wp-json\/wp\/v2\/media\/1516"}],"wp:attachment":[{"href":"https:\/\/www.riocopter.com.br\/blog\/wp-json\/wp\/v2\/media?parent=1623"}],"wp:term":[{"taxonomy":"category","embeddable":true,"href":"https:\/\/www.riocopter.com.br\/blog\/wp-json\/wp\/v2\/categories?post=1623"},{"taxonomy":"post_tag","embeddable":true,"href":"https:\/\/www.riocopter.com.br\/blog\/wp-json\/wp\/v2\/tags?post=1623"}],"curies":[{"name":"wp","href":"https:\/\/api.w.org\/{rel}","templated":true}]}}