{"id":1618,"date":"2025-09-13T14:33:14","date_gmt":"2025-09-13T14:33:14","guid":{"rendered":"https:\/\/www.riocopter.com.br\/blog\/?p=1618"},"modified":"2025-12-16T14:08:46","modified_gmt":"2025-12-16T14:08:46","slug":"o-calendario-perfeito","status":"publish","type":"post","link":"https:\/\/www.riocopter.com.br\/blog\/o-calendario-perfeito\/","title":{"rendered":"O Calend\u00e1rio Perfeito"},"content":{"rendered":"<h1>Quando Voar de Helic\u00f3ptero: Voo Helic\u00f3ptero Rio \u00c9poca Ideal<\/h1>\n<p>O Calend\u00e1rio Perfeito. O <strong>voo helic\u00f3ptero Rio \u00e9poca<\/strong> certa pode transformar experi\u00eancia j\u00e1 extraordin\u00e1ria em algo verdadeiramente inesquec\u00edvel. De fato, escolher a \u00e9poca ideal maximiza sua aventura sobre a Cidade Maravilhosa completamente. Consequentemente, o clima tropical oferece caracter\u00edsticas \u00fanicas em cada esta\u00e7\u00e3o do ano. Portanto, voc\u00ea encontra cen\u00e1rios a\u00e9reos distintos que atendem suas prefer\u00eancias e objetivos<a href=\"https:\/\/www.riocopter.com.br\/\">.<\/a><\/p>\n<p>Cada esta\u00e7\u00e3o revela uma face diferente da cidade que voc\u00ea contempla do alto. De fato, condi\u00e7\u00f5es atmosf\u00e9ricas variam significativamente ao longo do ano inteiro. Consequentemente, voc\u00ea planeja seu voo considerando caracter\u00edsticas sazonais espec\u00edficas<a href=\"https:\/\/www.instagram.com\/riocopteroficial\/\" target=\"_blank\" rel=\"noopener\">.<\/a><\/p>\n<h2>Primavera no Voo Helic\u00f3ptero Rio \u00c9poca<\/h2>\n<p>A primavera no Rio, de setembro a dezembro, marca uma das melhores \u00e9pocas para voos panor\u00e2micos. De fato, o <strong>voo helic\u00f3ptero Rio \u00e9poca<\/strong> primaveril oferece temperaturas amenas e menor \u00edndice pluviom\u00e9trico. Consequentemente, ventos mais est\u00e1veis criam condi\u00e7\u00f5es ideais para avia\u00e7\u00e3o tur\u00edstica sobre a cidade<a href=\"https:\/\/www.riocopter.com.br\/blog\/presente-inesquecivel-por-que-dar-um-voo-de-helicoptero-no-rio-de-janeiro\/\" target=\"_blank\" rel=\"noopener\">.<\/a><\/p>\n<p>Caracter\u00edsticas da primavera carioca:<\/p>\n<ul>\n<li>Temperaturas amenas e confort\u00e1veis para voos<\/li>\n<li>Menor \u00edndice pluviom\u00e9trico da esta\u00e7\u00e3o<\/li>\n<li>Ventos mais est\u00e1veis favorecendo avia\u00e7\u00e3o<\/li>\n<li>Vegeta\u00e7\u00e3o exuberante com tons vibrantes<\/li>\n<\/ul>\n<p>As manh\u00e3s primaveris proporcionam visibilidade excepcional com atmosfera l\u00edmpida impressionante. Al\u00e9m disso, voos doors-off oferecem conforto t\u00e9rmico perfeito com brisas suaves prazerosas. Portanto, voc\u00ea aproveita temporada de menor movimento tur\u00edstico com c\u00e9us menos congestionados.<\/p>\n<p>A <strong>RIOCOPTER<\/strong> frequentemente registra melhores condi\u00e7\u00f5es operacionais neste per\u00edodo sazonal. De fato, realizamos voos panor\u00e2micos com ou sem portas aproveitando condi\u00e7\u00f5es ideais.<\/p>\n<h2>Ver\u00e3o no Voo Helic\u00f3ptero Rio \u00c9poca<\/h2>\n<p>O ver\u00e3o carioca famoso mundialmente transforma voos tur\u00edsticos em experi\u00eancias m\u00e1gicas \u00fanicas. De fato, o <strong>voo helic\u00f3ptero Rio \u00e9poca<\/strong> entre dezembro e mar\u00e7o revela praias com areias douradas contrastando com azul. Consequentemente, luminosidade caracter\u00edstica cria condi\u00e7\u00f5es fotogr\u00e1ficas excepcionais para voc\u00ea.<\/p>\n<p>Vantagens do ver\u00e3o para voos:<\/p>\n<ul>\n<li>Praias ganhando vida com areias douradas<\/li>\n<li>Azul intenso do Atl\u00e2ntico contrastando<\/li>\n<li>Luminosidade criando condi\u00e7\u00f5es fotogr\u00e1ficas<\/li>\n<li>Cen\u00e1rios cinematogr\u00e1ficos durante golden hour<\/li>\n<\/ul>\n<p>Embora seja temporada de maior procura, o ver\u00e3o oferece janelas de tempo ideais para voc\u00ea. Al\u00e9m disso, manh\u00e3s ensolaradas e tardes com luz dourada proporcionam cen\u00e1rios cinematogr\u00e1ficos. Portanto, voos doors-off exigem aten\u00e7\u00e3o especial \u00e0s condi\u00e7\u00f5es de umidade e nuvens.<\/p>\n<h2>Outono no Voo Helic\u00f3ptero Rio \u00c9poca<\/h2>\n<p>O outono carioca, de mar\u00e7o a junho, representa \u00e9poca mais subestimada para voos no Rio. De fato, o <strong>voo helic\u00f3ptero Rio \u00e9poca<\/strong> outonal combina temperaturas agrad\u00e1veis com baixa umidade excepcional. Consequentemente, condi\u00e7\u00f5es atmosf\u00e9ricas excepcionais favorecem avia\u00e7\u00e3o com visibilidade impressionante.<\/p>\n<p>Por que o outono \u00e9 especial:<\/p>\n<ul>\n<li>Temperaturas agrad\u00e1veis combinando com baixa umidade<\/li>\n<li>Condi\u00e7\u00f5es atmosf\u00e9ricas excepcionais para avia\u00e7\u00e3o<\/li>\n<li>Visibilidade excepcional permitindo fotos n\u00edtidas<\/li>\n<li>Luz mais suave e difusa ideal para fotografia<\/li>\n<\/ul>\n<p>A menor concentra\u00e7\u00e3o de vapor d&#8217;\u00e1gua na atmosfera resulta em visibilidade excepcional para voc\u00ea. Al\u00e9m disso, condi\u00e7\u00f5es de vento mais previs\u00edveis e turbul\u00eancia reduzida beneficiam voos. Portanto, entusiastas da fotografia a\u00e9rea encontram luz ideal para capturar nuances.<\/p>\n<h2>Inverno no Voo Helic\u00f3ptero Rio \u00c9poca<\/h2>\n<p>O inverno no Rio surpreende visitantes com condi\u00e7\u00f5es excepcionais para voos tur\u00edsticos. De fato, o <strong>voo helic\u00f3ptero Rio \u00e9poca<\/strong> entre junho e setembro oferece baixa umidade e aus\u00eancia de chuvas. Consequentemente, atmosferas de visibilidade cristalina possibilitam vistas panor\u00e2micas estendidas.<\/p>\n<p>As temperaturas mais amenas tornam voos doors-off particularmente confort\u00e1veis para voc\u00ea. Al\u00e9m disso, o inverno oferece c\u00e9us com menor forma\u00e7\u00e3o de nuvens garantindo opera\u00e7\u00f5es. Portanto, essa \u00e9poca representa a mais confi\u00e1vel para planejamento de voos com anteced\u00eancia.<\/p>\n<h2>Microclimas no Voo Helic\u00f3ptero Rio \u00c9poca<\/h2>\n<p>O Rio de Janeiro apresenta microclimas distintos que influenciam diretamente qualidade dos voos. De fato, o <strong>voo helic\u00f3ptero Rio \u00e9poca<\/strong> considera que manh\u00e3s oferecem condi\u00e7\u00f5es atmosf\u00e9ricas mais est\u00e1veis. Consequentemente, aquecimento gradual das superf\u00edcies urbanas resulta em menor turbul\u00eancia.<\/p>\n<p>Durante voos panor\u00e2micos no final da tarde, voc\u00ea testemunha famoso &#8220;golden hour&#8221; carioca. Al\u00e9m disso, luz solar baixa cria tons dourados que transformam cidade em obra de arte. Portanto, voos doors-off nesses hor\u00e1rios oferecem condi\u00e7\u00f5es ideais para fotografia.<\/p>\n<h2>Eventos Sazonais no Voo Helic\u00f3ptero Rio \u00c9poca<\/h2>\n<p>Cada esta\u00e7\u00e3o no Rio traz eventos \u00fanicos que enriquecem sua experi\u00eancia a\u00e9rea completamente. De fato, o <strong>voo helic\u00f3ptero Rio \u00e9poca<\/strong> de ver\u00e3o revela movimenta\u00e7\u00e3o das praias criando paisagens humanas fascinantes. Consequentemente, inverno permite voos em altitudes superiores ampliando alcance visual.<\/p>\n<p>A primavera coincide com per\u00edodo de menor carga tur\u00edstica permitindo maior flexibilidade. Al\u00e9m disso, outono oferece condi\u00e7\u00f5es ideais para grupos buscando experi\u00eancias fotogr\u00e1ficas profissionais. Portanto, voc\u00ea escolhe esta\u00e7\u00e3o que melhor atende seus objetivos espec\u00edficos.<\/p>\n<h2>Reserve Seu Voo Helic\u00f3ptero Rio \u00c9poca Ideal<\/h2>\n<p>Compreender caracter\u00edsticas sazonais permite otimizar completamente sua experi\u00eancia a\u00e9rea sobre a cidade. De fato, o <strong>voo helic\u00f3ptero Rio \u00e9poca<\/strong> ideal considera suas prefer\u00eancias pessoais e condi\u00e7\u00f5es \u00fanicas. Consequentemente, a <strong>RIOCOPTER<\/strong> est\u00e1 pronta para proporcionar aventura em qualquer esta\u00e7\u00e3o.<\/p>\n<p>Agende sua aventura levando em conta que cada esta\u00e7\u00e3o revela face diferente da cidade. Portanto, entre em contato e descubra qual \u00e9poca melhor atende seus objetivos.<\/p>\n<p>Em conclus\u00e3o, o Rio aguarda sua visita nas alturas pronto para revelar beleza \u00fanica. Afinal, cada esta\u00e7\u00e3o oferece charme particular e oportunidades especiais para voc\u00ea!<\/p>\n<p>&nbsp;<\/p>\n","protected":false},"excerpt":{"rendered":"<p>Quando Voar de Helic\u00f3ptero: Voo Helic\u00f3ptero Rio \u00c9poca Ideal O Calend\u00e1rio Perfeito. O voo helic\u00f3ptero &#8230; <a class=\"cz_readmore cz_readmore_no_icon\" href=\"https:\/\/www.riocopter.com.br\/blog\/o-calendario-perfeito\/\"><span>Saiba Mais<\/span><\/a><\/p>\n","protected":false},"author":2,"featured_media":1509,"comment_status":"closed","ping_status":"closed","sticky":false,"template":"","format":"standard","meta":{"footnotes":""},"categories":[60],"tags":[135],"class_list":["post-1618","post","type-post","status-publish","format-standard","has-post-thumbnail","hentry","category-saiba-mais","tag-o-calendario-perfeito"],"yoast_head":"<!-- This site is optimized with the Yoast SEO Premium plugin v26.5 (Yoast SEO v27.5) - https:\/\/yoast.com\/product\/yoast-seo-premium-wordpress\/ -->\n<title>O Calend\u00e1rio Perfeito | RIOCOPTER - Passeios de Helic\u00f3ptero<\/title>\n<meta name=\"robots\" content=\"index, follow, max-snippet:-1, max-image-preview:large, max-video-preview:-1\" \/>\n<link rel=\"canonical\" href=\"https:\/\/www.riocopter.com.br\/blog\/o-calendario-perfeito\/\" \/>\n<meta property=\"og:locale\" content=\"pt_BR\" \/>\n<meta property=\"og:type\" content=\"article\" \/>\n<meta property=\"og:title\" content=\"O Calend\u00e1rio Perfeito\" \/>\n<meta property=\"og:description\" content=\"Quando Voar de Helic\u00f3ptero: Voo Helic\u00f3ptero Rio \u00c9poca Ideal O Calend\u00e1rio Perfeito. O voo helic\u00f3ptero ... Saiba Mais\" \/>\n<meta property=\"og:url\" content=\"https:\/\/www.riocopter.com.br\/blog\/o-calendario-perfeito\/\" \/>\n<meta property=\"og:site_name\" content=\"RIOCOPTER - Passeios de Helic\u00f3ptero\" \/>\n<meta property=\"article:published_time\" content=\"2025-09-13T14:33:14+00:00\" \/>\n<meta property=\"article:modified_time\" content=\"2025-12-16T14:08:46+00:00\" \/>\n<meta property=\"og:image\" content=\"https:\/\/www.riocopter.com.br\/blog\/wp-content\/uploads\/2025\/09\/iiiiiii.jpg\" \/>\n\t<meta property=\"og:image:width\" content=\"1000\" \/>\n\t<meta property=\"og:image:height\" content=\"430\" \/>\n\t<meta property=\"og:image:type\" content=\"image\/jpeg\" \/>\n<meta name=\"twitter:label1\" content=\"Escrito por\" \/>\n\t<meta name=\"twitter:data1\" content=\"\" \/>\n\t<meta name=\"twitter:label2\" content=\"Est. tempo de leitura\" \/>\n\t<meta name=\"twitter:data2\" content=\"5 minutos\" \/>\n<script type=\"application\/ld+json\" class=\"yoast-schema-graph\">{\"@context\":\"https:\\\/\\\/schema.org\",\"@graph\":[{\"@type\":\"Article\",\"@id\":\"https:\\\/\\\/www.riocopter.com.br\\\/blog\\\/o-calendario-perfeito\\\/#article\",\"isPartOf\":{\"@id\":\"https:\\\/\\\/www.riocopter.com.br\\\/blog\\\/o-calendario-perfeito\\\/\"},\"author\":{\"name\":\"\",\"@id\":\"\"},\"headline\":\"O Calend\u00e1rio Perfeito\",\"datePublished\":\"2025-09-13T14:33:14+00:00\",\"dateModified\":\"2025-12-16T14:08:46+00:00\",\"mainEntityOfPage\":{\"@id\":\"https:\\\/\\\/www.riocopter.com.br\\\/blog\\\/o-calendario-perfeito\\\/\"},\"wordCount\":932,\"publisher\":{\"@id\":\"https:\\\/\\\/www.riocopter.com.br\\\/blog\\\/#organization\"},\"image\":{\"@id\":\"https:\\\/\\\/www.riocopter.com.br\\\/blog\\\/o-calendario-perfeito\\\/#primaryimage\"},\"thumbnailUrl\":\"https:\\\/\\\/www.riocopter.com.br\\\/blog\\\/wp-content\\\/uploads\\\/2025\\\/09\\\/iiiiiii.jpg\",\"keywords\":[\"O Calend\u00e1rio Perfeito\"],\"articleSection\":[\"Saiba Mais...\"],\"inLanguage\":\"pt-BR\"},{\"@type\":\"WebPage\",\"@id\":\"https:\\\/\\\/www.riocopter.com.br\\\/blog\\\/o-calendario-perfeito\\\/\",\"url\":\"https:\\\/\\\/www.riocopter.com.br\\\/blog\\\/o-calendario-perfeito\\\/\",\"name\":\"O Calend\u00e1rio Perfeito | RIOCOPTER - Passeios de Helic\u00f3ptero\",\"isPartOf\":{\"@id\":\"https:\\\/\\\/www.riocopter.com.br\\\/blog\\\/#website\"},\"primaryImageOfPage\":{\"@id\":\"https:\\\/\\\/www.riocopter.com.br\\\/blog\\\/o-calendario-perfeito\\\/#primaryimage\"},\"image\":{\"@id\":\"https:\\\/\\\/www.riocopter.com.br\\\/blog\\\/o-calendario-perfeito\\\/#primaryimage\"},\"thumbnailUrl\":\"https:\\\/\\\/www.riocopter.com.br\\\/blog\\\/wp-content\\\/uploads\\\/2025\\\/09\\\/iiiiiii.jpg\",\"datePublished\":\"2025-09-13T14:33:14+00:00\",\"dateModified\":\"2025-12-16T14:08:46+00:00\",\"breadcrumb\":{\"@id\":\"https:\\\/\\\/www.riocopter.com.br\\\/blog\\\/o-calendario-perfeito\\\/#breadcrumb\"},\"inLanguage\":\"pt-BR\",\"potentialAction\":[{\"@type\":\"ReadAction\",\"target\":[\"https:\\\/\\\/www.riocopter.com.br\\\/blog\\\/o-calendario-perfeito\\\/\"]}]},{\"@type\":\"ImageObject\",\"inLanguage\":\"pt-BR\",\"@id\":\"https:\\\/\\\/www.riocopter.com.br\\\/blog\\\/o-calendario-perfeito\\\/#primaryimage\",\"url\":\"https:\\\/\\\/www.riocopter.com.br\\\/blog\\\/wp-content\\\/uploads\\\/2025\\\/09\\\/iiiiiii.jpg\",\"contentUrl\":\"https:\\\/\\\/www.riocopter.com.br\\\/blog\\\/wp-content\\\/uploads\\\/2025\\\/09\\\/iiiiiii.jpg\",\"width\":1000,\"height\":430},{\"@type\":\"BreadcrumbList\",\"@id\":\"https:\\\/\\\/www.riocopter.com.br\\\/blog\\\/o-calendario-perfeito\\\/#breadcrumb\",\"itemListElement\":[{\"@type\":\"ListItem\",\"position\":1,\"name\":\"In\u00edcio\",\"item\":\"https:\\\/\\\/www.riocopter.com.br\\\/blog\\\/\"},{\"@type\":\"ListItem\",\"position\":2,\"name\":\"O Calend\u00e1rio Perfeito\"}]},{\"@type\":\"WebSite\",\"@id\":\"https:\\\/\\\/www.riocopter.com.br\\\/blog\\\/#website\",\"url\":\"https:\\\/\\\/www.riocopter.com.br\\\/blog\\\/\",\"name\":\"RIOCOPTER - Passeio de Helic\u00f3ptero\",\"description\":\"Passeio de Helic\u00f3ptero\",\"publisher\":{\"@id\":\"https:\\\/\\\/www.riocopter.com.br\\\/blog\\\/#organization\"},\"alternateName\":\"RIOCOPTER\",\"potentialAction\":[{\"@type\":\"SearchAction\",\"target\":{\"@type\":\"EntryPoint\",\"urlTemplate\":\"https:\\\/\\\/www.riocopter.com.br\\\/blog\\\/?s={search_term_string}\"},\"query-input\":{\"@type\":\"PropertyValueSpecification\",\"valueRequired\":true,\"valueName\":\"search_term_string\"}}],\"inLanguage\":\"pt-BR\"},{\"@type\":\"Organization\",\"@id\":\"https:\\\/\\\/www.riocopter.com.br\\\/blog\\\/#organization\",\"name\":\"RIOCOPTER - Passeios de Helic\u00f3ptero\",\"url\":\"https:\\\/\\\/www.riocopter.com.br\\\/blog\\\/\",\"logo\":{\"@type\":\"ImageObject\",\"inLanguage\":\"pt-BR\",\"@id\":\"https:\\\/\\\/www.riocopter.com.br\\\/blog\\\/#\\\/schema\\\/logo\\\/image\\\/\",\"url\":\"https:\\\/\\\/www.riocopter.com.br\\\/blog\\\/wp-content\\\/uploads\\\/2025\\\/06\\\/Logo_header.png\",\"contentUrl\":\"https:\\\/\\\/www.riocopter.com.br\\\/blog\\\/wp-content\\\/uploads\\\/2025\\\/06\\\/Logo_header.png\",\"width\":550,\"height\":128,\"caption\":\"RIOCOPTER - Passeios de Helic\u00f3ptero\"},\"image\":{\"@id\":\"https:\\\/\\\/www.riocopter.com.br\\\/blog\\\/#\\\/schema\\\/logo\\\/image\\\/\"},\"sameAs\":[\"https:\\\/\\\/www.instagram.com\\\/riocopteroficial\\\/\"]},{\"@type\":\"Person\",\"@id\":\"\"}]}<\/script>\n<!-- \/ Yoast SEO Premium plugin. -->","yoast_head_json":{"title":"O Calend\u00e1rio Perfeito | RIOCOPTER - Passeios de Helic\u00f3ptero","robots":{"index":"index","follow":"follow","max-snippet":"max-snippet:-1","max-image-preview":"max-image-preview:large","max-video-preview":"max-video-preview:-1"},"canonical":"https:\/\/www.riocopter.com.br\/blog\/o-calendario-perfeito\/","og_locale":"pt_BR","og_type":"article","og_title":"O Calend\u00e1rio Perfeito","og_description":"Quando Voar de Helic\u00f3ptero: Voo Helic\u00f3ptero Rio \u00c9poca Ideal O Calend\u00e1rio Perfeito. O voo helic\u00f3ptero ... Saiba Mais","og_url":"https:\/\/www.riocopter.com.br\/blog\/o-calendario-perfeito\/","og_site_name":"RIOCOPTER - Passeios de Helic\u00f3ptero","article_published_time":"2025-09-13T14:33:14+00:00","article_modified_time":"2025-12-16T14:08:46+00:00","og_image":[{"width":1000,"height":430,"url":"https:\/\/www.riocopter.com.br\/blog\/wp-content\/uploads\/2025\/09\/iiiiiii.jpg","type":"image\/jpeg"}],"twitter_misc":{"Escrito por":"","Est. tempo de leitura":"5 minutos"},"schema":{"@context":"https:\/\/schema.org","@graph":[{"@type":"Article","@id":"https:\/\/www.riocopter.com.br\/blog\/o-calendario-perfeito\/#article","isPartOf":{"@id":"https:\/\/www.riocopter.com.br\/blog\/o-calendario-perfeito\/"},"author":{"name":"","@id":""},"headline":"O Calend\u00e1rio Perfeito","datePublished":"2025-09-13T14:33:14+00:00","dateModified":"2025-12-16T14:08:46+00:00","mainEntityOfPage":{"@id":"https:\/\/www.riocopter.com.br\/blog\/o-calendario-perfeito\/"},"wordCount":932,"publisher":{"@id":"https:\/\/www.riocopter.com.br\/blog\/#organization"},"image":{"@id":"https:\/\/www.riocopter.com.br\/blog\/o-calendario-perfeito\/#primaryimage"},"thumbnailUrl":"https:\/\/www.riocopter.com.br\/blog\/wp-content\/uploads\/2025\/09\/iiiiiii.jpg","keywords":["O Calend\u00e1rio Perfeito"],"articleSection":["Saiba Mais..."],"inLanguage":"pt-BR"},{"@type":"WebPage","@id":"https:\/\/www.riocopter.com.br\/blog\/o-calendario-perfeito\/","url":"https:\/\/www.riocopter.com.br\/blog\/o-calendario-perfeito\/","name":"O Calend\u00e1rio Perfeito | RIOCOPTER - Passeios de Helic\u00f3ptero","isPartOf":{"@id":"https:\/\/www.riocopter.com.br\/blog\/#website"},"primaryImageOfPage":{"@id":"https:\/\/www.riocopter.com.br\/blog\/o-calendario-perfeito\/#primaryimage"},"image":{"@id":"https:\/\/www.riocopter.com.br\/blog\/o-calendario-perfeito\/#primaryimage"},"thumbnailUrl":"https:\/\/www.riocopter.com.br\/blog\/wp-content\/uploads\/2025\/09\/iiiiiii.jpg","datePublished":"2025-09-13T14:33:14+00:00","dateModified":"2025-12-16T14:08:46+00:00","breadcrumb":{"@id":"https:\/\/www.riocopter.com.br\/blog\/o-calendario-perfeito\/#breadcrumb"},"inLanguage":"pt-BR","potentialAction":[{"@type":"ReadAction","target":["https:\/\/www.riocopter.com.br\/blog\/o-calendario-perfeito\/"]}]},{"@type":"ImageObject","inLanguage":"pt-BR","@id":"https:\/\/www.riocopter.com.br\/blog\/o-calendario-perfeito\/#primaryimage","url":"https:\/\/www.riocopter.com.br\/blog\/wp-content\/uploads\/2025\/09\/iiiiiii.jpg","contentUrl":"https:\/\/www.riocopter.com.br\/blog\/wp-content\/uploads\/2025\/09\/iiiiiii.jpg","width":1000,"height":430},{"@type":"BreadcrumbList","@id":"https:\/\/www.riocopter.com.br\/blog\/o-calendario-perfeito\/#breadcrumb","itemListElement":[{"@type":"ListItem","position":1,"name":"In\u00edcio","item":"https:\/\/www.riocopter.com.br\/blog\/"},{"@type":"ListItem","position":2,"name":"O Calend\u00e1rio Perfeito"}]},{"@type":"WebSite","@id":"https:\/\/www.riocopter.com.br\/blog\/#website","url":"https:\/\/www.riocopter.com.br\/blog\/","name":"RIOCOPTER - Passeio de Helic\u00f3ptero","description":"Passeio de Helic\u00f3ptero","publisher":{"@id":"https:\/\/www.riocopter.com.br\/blog\/#organization"},"alternateName":"RIOCOPTER","potentialAction":[{"@type":"SearchAction","target":{"@type":"EntryPoint","urlTemplate":"https:\/\/www.riocopter.com.br\/blog\/?s={search_term_string}"},"query-input":{"@type":"PropertyValueSpecification","valueRequired":true,"valueName":"search_term_string"}}],"inLanguage":"pt-BR"},{"@type":"Organization","@id":"https:\/\/www.riocopter.com.br\/blog\/#organization","name":"RIOCOPTER - Passeios de Helic\u00f3ptero","url":"https:\/\/www.riocopter.com.br\/blog\/","logo":{"@type":"ImageObject","inLanguage":"pt-BR","@id":"https:\/\/www.riocopter.com.br\/blog\/#\/schema\/logo\/image\/","url":"https:\/\/www.riocopter.com.br\/blog\/wp-content\/uploads\/2025\/06\/Logo_header.png","contentUrl":"https:\/\/www.riocopter.com.br\/blog\/wp-content\/uploads\/2025\/06\/Logo_header.png","width":550,"height":128,"caption":"RIOCOPTER - Passeios de Helic\u00f3ptero"},"image":{"@id":"https:\/\/www.riocopter.com.br\/blog\/#\/schema\/logo\/image\/"},"sameAs":["https:\/\/www.instagram.com\/riocopteroficial\/"]},{"@type":"Person","@id":""}]}},"_links":{"self":[{"href":"https:\/\/www.riocopter.com.br\/blog\/wp-json\/wp\/v2\/posts\/1618","targetHints":{"allow":["GET"]}}],"collection":[{"href":"https:\/\/www.riocopter.com.br\/blog\/wp-json\/wp\/v2\/posts"}],"about":[{"href":"https:\/\/www.riocopter.com.br\/blog\/wp-json\/wp\/v2\/types\/post"}],"author":[{"embeddable":true,"href":"https:\/\/www.riocopter.com.br\/blog\/wp-json\/wp\/v2\/users\/2"}],"replies":[{"embeddable":true,"href":"https:\/\/www.riocopter.com.br\/blog\/wp-json\/wp\/v2\/comments?post=1618"}],"version-history":[{"count":0,"href":"https:\/\/www.riocopter.com.br\/blog\/wp-json\/wp\/v2\/posts\/1618\/revisions"}],"wp:featuredmedia":[{"embeddable":true,"href":"https:\/\/www.riocopter.com.br\/blog\/wp-json\/wp\/v2\/media\/1509"}],"wp:attachment":[{"href":"https:\/\/www.riocopter.com.br\/blog\/wp-json\/wp\/v2\/media?parent=1618"}],"wp:term":[{"taxonomy":"category","embeddable":true,"href":"https:\/\/www.riocopter.com.br\/blog\/wp-json\/wp\/v2\/categories?post=1618"},{"taxonomy":"post_tag","embeddable":true,"href":"https:\/\/www.riocopter.com.br\/blog\/wp-json\/wp\/v2\/tags?post=1618"}],"curies":[{"name":"wp","href":"https:\/\/api.w.org\/{rel}","templated":true}]}}