{"id":1587,"date":"2025-09-10T12:20:24","date_gmt":"2025-09-10T12:20:24","guid":{"rendered":"https:\/\/www.riocopter.com.br\/blog\/?p=1587"},"modified":"2025-12-16T20:10:58","modified_gmt":"2025-12-16T20:10:58","slug":"celebracoes-aereas","status":"publish","type":"post","link":"https:\/\/www.riocopter.com.br\/blog\/celebracoes-aereas\/","title":{"rendered":"Celebra\u00e7\u00f5es A\u00e9reas"},"content":{"rendered":"<h1>Transformando Anivers\u00e1rios em Marcos: Voo Helic\u00f3ptero Rio Celebra\u00e7\u00e3o<\/h1>\n<p>Celebra\u00e7\u00f5es A\u00e9reas. O <strong>voo helic\u00f3ptero Rio celebra\u00e7\u00e3o<\/strong> transforma anivers\u00e1rios especiais em experi\u00eancias que transcendem o convencional completamente. De fato, datas importantes merecem celebra\u00e7\u00f5es que criem mem\u00f3rias duradouras relembradas com alegria por d\u00e9cadas. Consequentemente, voos panor\u00e2micos sobre o Rio de Janeiro marcam n\u00e3o apenas anos vividos, mas possibilidades futuras. Portanto, voc\u00ea celebra sua hist\u00f3ria atrav\u00e9s de experi\u00eancia verdadeiramente transformadora<a href=\"https:\/\/www.riocopter.com.br\/\">.<\/a><\/p>\n<p>Simples passagens de tempo se transformam em experi\u00eancias transformadoras que elevam o significado. De fato, anivers\u00e1rios milestone merecem aventuras que simbolizem sua jornada \u00fanica. Consequentemente, voc\u00ea cria mem\u00f3rias que enriquecem sua perspectiva de vida<a href=\"https:\/\/www.instagram.com\/riocopteroficial\/\" target=\"_blank\" rel=\"noopener\">.<\/a><\/p>\n<h2>Anivers\u00e1rios Milestone no Voo Helic\u00f3ptero Rio Celebra\u00e7\u00e3o<\/h2>\n<p>Anivers\u00e1rios de 30, 40, 50, 60 e 70 anos representam marcos psicol\u00f3gicos que inspiram reflex\u00f5es. De fato, o <strong>voo helic\u00f3ptero Rio celebra\u00e7\u00e3o<\/strong> cria simbolismo poderoso sobre eleva\u00e7\u00e3o pessoal e perspectiva ampliada. Consequentemente, voc\u00ea demonstra coragem para explorar novos horizontes em cada transi\u00e7\u00e3o<a href=\"https:\/\/www.riocopter.com.br\/blog\/seguranca-aerea-em-primeiro-lugar\/\" target=\"_blank\" rel=\"noopener\">.<\/a><\/p>\n<p>Idades especiais para celebrar nas alturas:<\/p>\n<ul>\n<li>30 anos: maturidade e consolida\u00e7\u00e3o profissional<\/li>\n<li>40 anos: plenitude e autoconhecimento<\/li>\n<li>50 anos: sabedoria e novas possibilidades<\/li>\n<li>60 e 70 anos: celebra\u00e7\u00e3o de jornada extraordin\u00e1ria<\/li>\n<\/ul>\n<p>Celebrar essas transi\u00e7\u00f5es atrav\u00e9s de voos cria simbolismo sobre eleva\u00e7\u00e3o e supera\u00e7\u00e3o. Al\u00e9m disso, perspectiva ampliada representa met\u00e1fora para pr\u00f3ximas etapas da vida. Portanto, voc\u00ea honra realiza\u00e7\u00f5es passadas enquanto abra\u00e7a possibilidades futuras.<\/p>\n<p>A <strong>RIOCOPTER<\/strong> tem o privil\u00e9gio de facilitar celebra\u00e7\u00f5es a\u00e9reas para pessoas de todas as idades. De fato, realizamos voos panor\u00e2micos com ou sem portas criando experi\u00eancias personalizadas.<\/p>\n<h2>Todas as Idades no Voo Helic\u00f3ptero Rio Celebra\u00e7\u00e3o<\/h2>\n<p>Anivers\u00e1rios de 16 anos ganham dimens\u00e3o \u00e9pica quando voc\u00ea celebra atrav\u00e9s de experi\u00eancias a\u00e9reas. De fato, o <strong>voo helic\u00f3ptero Rio celebra\u00e7\u00e3o<\/strong> marca simbolicamente transi\u00e7\u00e3o para maior independ\u00eancia e possibilidades expandidas. Consequentemente, jovens adultos frequentemente escolhem voos doors-off para amplificar intensidade emocional.<\/p>\n<p>Para celebra\u00e7\u00f5es em idades mais avan\u00e7adas, voos panor\u00e2micos com portas oferecem experi\u00eancias contemplativas. Al\u00e9m disso, voc\u00ea celebra sabedoria acumulada enquanto mant\u00e9m esp\u00edrito aventureiro vivo. Portanto, idade cronol\u00f3gica nunca limita sua capacidade de aventura.<\/p>\n<h2>Personaliza\u00e7\u00e3o Criativa no Voo Helic\u00f3ptero Rio Celebra\u00e7\u00e3o<\/h2>\n<p>Cada celebrante possui personalidade, interesses e sonhos \u00fanicos para incorporar na experi\u00eancia. De fato, o <strong>voo helic\u00f3ptero Rio celebra\u00e7\u00e3o<\/strong> oferece detalhes personalizados para aventureiros e contempladores. Consequentemente, voc\u00ea escolhe entre voos doors-off com fotografia ou experi\u00eancias meditativas tranquilas.<\/p>\n<p>Op\u00e7\u00f5es de personaliza\u00e7\u00e3o dispon\u00edveis:<\/p>\n<ul>\n<li>Aventureiros: voos doors-off com fotografia especializada<\/li>\n<li>Contempladores: experi\u00eancias meditativas e reflexivas<\/li>\n<li>Supera\u00e7\u00e3o de medos: expans\u00e3o de comfort zones<\/li>\n<li>Sonhos de inf\u00e2ncia: materializa\u00e7\u00e3o do desejo de voar<\/li>\n<\/ul>\n<p>Algumas pessoas celebram como forma de superar medos e expandir comfort zones corajosamente. Al\u00e9m disso, voc\u00ea pode materializar sonhos de inf\u00e2ncia sobre voar nessa data especial. Portanto, cada motiva\u00e7\u00e3o resulta em experi\u00eancia completamente diferente mas igualmente transformadora.<\/p>\n<h2>Tradi\u00e7\u00f5es Familiares no Voo Helic\u00f3ptero Rio Celebra\u00e7\u00e3o<\/h2>\n<p>Muitas fam\u00edlias estabelecem tradi\u00e7\u00f5es de celebrar anivers\u00e1rios especiais atrav\u00e9s de voos panor\u00e2micos. De fato, o <strong>voo helic\u00f3ptero Rio celebra\u00e7\u00e3o<\/strong> cria rituais \u00fanicos que diferem de festas convencionais. Consequentemente, tradi\u00e7\u00f5es a\u00e9reas se tornam marcos familiares que unem gera\u00e7\u00f5es.<\/p>\n<p>Documenta\u00e7\u00e3o fotogr\u00e1fica dessas tradi\u00e7\u00f5es ao longo dos anos cria archives familiares \u00fanicos. Al\u00e9m disso, voc\u00ea observa evolu\u00e7\u00e3o das pessoas com cen\u00e1rio consistente da paisagem a\u00e9rea. Portanto, pano de fundo atemporal preserva mem\u00f3rias de transforma\u00e7\u00e3o familiar.<\/p>\n<h2>Supera\u00e7\u00e3o Pessoal no Voo Helic\u00f3ptero Rio Celebra\u00e7\u00e3o<\/h2>\n<p>Para pessoas que associam anivers\u00e1rios com supera\u00e7\u00e3o de desafios, voos simbolizam eleva\u00e7\u00e3o literal. De fato, o <strong>voo helic\u00f3ptero Rio celebra\u00e7\u00e3o<\/strong> representa transcend\u00eancia sobre circunst\u00e2ncias dif\u00edceis enfrentadas. Consequentemente, voc\u00ea celebra capacidade humana de superar limita\u00e7\u00f5es atrav\u00e9s da experi\u00eancia a\u00e9rea.<\/p>\n<p>A met\u00e1fora de &#8220;elevar-se acima&#8221; dos problemas torna-se literal durante voos panor\u00e2micos. Al\u00e9m disso, experi\u00eancia visceral de supera\u00e7\u00e3o oferece catarse transformadora para autoestima. Portanto, voc\u00ea redefine sua perspectiva de vida atrav\u00e9s dessa aventura especial.<\/p>\n<h2>\u00cdntimo ou Grupo no Voo Helic\u00f3ptero Rio Celebra\u00e7\u00e3o<\/h2>\n<p>Celebra\u00e7\u00f5es atrav\u00e9s de voos podem variar desde experi\u00eancias \u00edntimas at\u00e9 celebra\u00e7\u00f5es de grupo amplo. De fato, o <strong>voo helic\u00f3ptero Rio celebra\u00e7\u00e3o<\/strong> oferece din\u00e2micas sociais \u00fanicas que enriquecem cada formato. Consequentemente, voc\u00ea escolhe entre reflex\u00e3o pessoal profunda ou alegria compartilhada coletivamente.<\/p>\n<p>Celebra\u00e7\u00f5es \u00edntimas permitem conex\u00f5es emocionais intensas com pessoas mais pr\u00f3ximas. Al\u00e9m disso, celebra\u00e7\u00f5es em grupo amplificam alegria atrav\u00e9s de admira\u00e7\u00e3o compartilhada pela vida. Portanto, cada formato enriquece a experi\u00eancia de formas complementares e \u00fanicas.<\/p>\n<h2>Documenta\u00e7\u00e3o Profissional no Voo Helic\u00f3ptero Rio Celebra\u00e7\u00e3o<\/h2>\n<p>Anivers\u00e1rios especiais celebrados atrav\u00e9s de voos merecem documenta\u00e7\u00e3o que capture express\u00f5es genu\u00ednas. De fato, o <strong>voo helic\u00f3ptero Rio celebra\u00e7\u00e3o<\/strong> doors-off oferece oportunidades fotogr\u00e1ficas excepcionais para voc\u00ea. Consequentemente, momentos de alegria, surpresa e gratid\u00e3o ficam eternizados profissionalmente.<\/p>\n<p>Voos doors-off permitem captura de momentos espont\u00e2neos sem barreiras f\u00edsicas limitantes. Al\u00e9m disso, qualidade visual e autenticidade emocional das imagens atingem n\u00edvel profissional. Portanto, voc\u00ea preserva mem\u00f3rias que honram verdadeiramente o significado da data.<\/p>\n<h2>Reserve Seu Voo Helic\u00f3ptero Rio Celebra\u00e7\u00e3o Hoje<\/h2>\n<p>Transforme seu pr\u00f3ximo anivers\u00e1rio especial em experi\u00eancia lembrada e celebrada por toda vida. De fato, o <strong>voo helic\u00f3ptero Rio celebra\u00e7\u00e3o<\/strong> eleva voc\u00ea literalmente acima do comum redefinindo expectativas. Consequentemente, a <strong>RIOCOPTER<\/strong> est\u00e1 pronta para facilitar sua celebra\u00e7\u00e3o a\u00e9rea extraordin\u00e1ria.<\/p>\n<p>Agende sua celebra\u00e7\u00e3o a\u00e9rea e prepare-se para anivers\u00e1rio que redefinir\u00e1 marcos importantes. Portanto, entre em contato e descubra como celebra\u00e7\u00f5es a\u00e9reas enriquecem sua jornada.<\/p>\n<p>Em conclus\u00e3o, anivers\u00e1rios celebrados atrav\u00e9s de experi\u00eancias extraordin\u00e1rias catalisam transforma\u00e7\u00e3o positiva. Afinal, voc\u00ea merece celebra\u00e7\u00e3o que honre sua hist\u00f3ria e inspire seu futuro!<\/p>\n<p>&nbsp;<\/p>\n","protected":false},"excerpt":{"rendered":"<p>Transformando Anivers\u00e1rios em Marcos: Voo Helic\u00f3ptero Rio Celebra\u00e7\u00e3o Celebra\u00e7\u00f5es A\u00e9reas. O voo helic\u00f3ptero Rio celebra\u00e7\u00e3o &#8230; <a class=\"cz_readmore cz_readmore_no_icon\" href=\"https:\/\/www.riocopter.com.br\/blog\/celebracoes-aereas\/\"><span>Saiba Mais<\/span><\/a><\/p>\n","protected":false},"author":2,"featured_media":1588,"comment_status":"closed","ping_status":"closed","sticky":false,"template":"","format":"standard","meta":{"footnotes":""},"categories":[60],"tags":[146],"class_list":["post-1587","post","type-post","status-publish","format-standard","has-post-thumbnail","hentry","category-saiba-mais","tag-celebracoes-aereas"],"yoast_head":"<!-- This site is optimized with the Yoast SEO Premium plugin v26.5 (Yoast SEO v27.5) - https:\/\/yoast.com\/product\/yoast-seo-premium-wordpress\/ -->\n<title>Celebra\u00e7\u00f5es A\u00e9reas | RIOCOPTER - Passeios de Helic\u00f3ptero<\/title>\n<meta name=\"robots\" content=\"index, follow, max-snippet:-1, max-image-preview:large, max-video-preview:-1\" \/>\n<link rel=\"canonical\" href=\"https:\/\/www.riocopter.com.br\/blog\/celebracoes-aereas\/\" \/>\n<meta property=\"og:locale\" content=\"pt_BR\" \/>\n<meta property=\"og:type\" content=\"article\" \/>\n<meta property=\"og:title\" content=\"Celebra\u00e7\u00f5es A\u00e9reas\" \/>\n<meta property=\"og:description\" content=\"Transformando Anivers\u00e1rios em Marcos: Voo Helic\u00f3ptero Rio Celebra\u00e7\u00e3o Celebra\u00e7\u00f5es A\u00e9reas. O voo helic\u00f3ptero Rio celebra\u00e7\u00e3o ... Saiba Mais\" \/>\n<meta property=\"og:url\" content=\"https:\/\/www.riocopter.com.br\/blog\/celebracoes-aereas\/\" \/>\n<meta property=\"og:site_name\" content=\"RIOCOPTER - Passeios de Helic\u00f3ptero\" \/>\n<meta property=\"article:published_time\" content=\"2025-09-10T12:20:24+00:00\" \/>\n<meta property=\"article:modified_time\" content=\"2025-12-16T20:10:58+00:00\" \/>\n<meta property=\"og:image\" content=\"https:\/\/www.riocopter.com.br\/blog\/wp-content\/uploads\/2025\/09\/hhhhh-1.jpg\" \/>\n\t<meta property=\"og:image:width\" content=\"1000\" \/>\n\t<meta property=\"og:image:height\" content=\"430\" \/>\n\t<meta property=\"og:image:type\" content=\"image\/jpeg\" \/>\n<meta name=\"twitter:label1\" content=\"Escrito por\" \/>\n\t<meta name=\"twitter:data1\" content=\"\" \/>\n\t<meta name=\"twitter:label2\" content=\"Est. tempo de leitura\" \/>\n\t<meta name=\"twitter:data2\" content=\"5 minutos\" \/>\n<script type=\"application\/ld+json\" class=\"yoast-schema-graph\">{\"@context\":\"https:\\\/\\\/schema.org\",\"@graph\":[{\"@type\":\"Article\",\"@id\":\"https:\\\/\\\/www.riocopter.com.br\\\/blog\\\/celebracoes-aereas\\\/#article\",\"isPartOf\":{\"@id\":\"https:\\\/\\\/www.riocopter.com.br\\\/blog\\\/celebracoes-aereas\\\/\"},\"author\":{\"name\":\"\",\"@id\":\"\"},\"headline\":\"Celebra\u00e7\u00f5es A\u00e9reas\",\"datePublished\":\"2025-09-10T12:20:24+00:00\",\"dateModified\":\"2025-12-16T20:10:58+00:00\",\"mainEntityOfPage\":{\"@id\":\"https:\\\/\\\/www.riocopter.com.br\\\/blog\\\/celebracoes-aereas\\\/\"},\"wordCount\":1023,\"publisher\":{\"@id\":\"https:\\\/\\\/www.riocopter.com.br\\\/blog\\\/#organization\"},\"image\":{\"@id\":\"https:\\\/\\\/www.riocopter.com.br\\\/blog\\\/celebracoes-aereas\\\/#primaryimage\"},\"thumbnailUrl\":\"https:\\\/\\\/www.riocopter.com.br\\\/blog\\\/wp-content\\\/uploads\\\/2025\\\/09\\\/hhhhh-1.jpg\",\"keywords\":[\"Celebra\u00e7\u00f5es A\u00e9reas\"],\"articleSection\":[\"Saiba Mais...\"],\"inLanguage\":\"pt-BR\"},{\"@type\":\"WebPage\",\"@id\":\"https:\\\/\\\/www.riocopter.com.br\\\/blog\\\/celebracoes-aereas\\\/\",\"url\":\"https:\\\/\\\/www.riocopter.com.br\\\/blog\\\/celebracoes-aereas\\\/\",\"name\":\"Celebra\u00e7\u00f5es A\u00e9reas | RIOCOPTER - Passeios de Helic\u00f3ptero\",\"isPartOf\":{\"@id\":\"https:\\\/\\\/www.riocopter.com.br\\\/blog\\\/#website\"},\"primaryImageOfPage\":{\"@id\":\"https:\\\/\\\/www.riocopter.com.br\\\/blog\\\/celebracoes-aereas\\\/#primaryimage\"},\"image\":{\"@id\":\"https:\\\/\\\/www.riocopter.com.br\\\/blog\\\/celebracoes-aereas\\\/#primaryimage\"},\"thumbnailUrl\":\"https:\\\/\\\/www.riocopter.com.br\\\/blog\\\/wp-content\\\/uploads\\\/2025\\\/09\\\/hhhhh-1.jpg\",\"datePublished\":\"2025-09-10T12:20:24+00:00\",\"dateModified\":\"2025-12-16T20:10:58+00:00\",\"breadcrumb\":{\"@id\":\"https:\\\/\\\/www.riocopter.com.br\\\/blog\\\/celebracoes-aereas\\\/#breadcrumb\"},\"inLanguage\":\"pt-BR\",\"potentialAction\":[{\"@type\":\"ReadAction\",\"target\":[\"https:\\\/\\\/www.riocopter.com.br\\\/blog\\\/celebracoes-aereas\\\/\"]}]},{\"@type\":\"ImageObject\",\"inLanguage\":\"pt-BR\",\"@id\":\"https:\\\/\\\/www.riocopter.com.br\\\/blog\\\/celebracoes-aereas\\\/#primaryimage\",\"url\":\"https:\\\/\\\/www.riocopter.com.br\\\/blog\\\/wp-content\\\/uploads\\\/2025\\\/09\\\/hhhhh-1.jpg\",\"contentUrl\":\"https:\\\/\\\/www.riocopter.com.br\\\/blog\\\/wp-content\\\/uploads\\\/2025\\\/09\\\/hhhhh-1.jpg\",\"width\":1000,\"height\":430,\"caption\":\"Turismo Corporativo no Rio: Impressione Clientes e Parceiros com Experi\u00eancias A\u00e9reas Exclusivas\"},{\"@type\":\"BreadcrumbList\",\"@id\":\"https:\\\/\\\/www.riocopter.com.br\\\/blog\\\/celebracoes-aereas\\\/#breadcrumb\",\"itemListElement\":[{\"@type\":\"ListItem\",\"position\":1,\"name\":\"In\u00edcio\",\"item\":\"https:\\\/\\\/www.riocopter.com.br\\\/blog\\\/\"},{\"@type\":\"ListItem\",\"position\":2,\"name\":\"Celebra\u00e7\u00f5es A\u00e9reas\"}]},{\"@type\":\"WebSite\",\"@id\":\"https:\\\/\\\/www.riocopter.com.br\\\/blog\\\/#website\",\"url\":\"https:\\\/\\\/www.riocopter.com.br\\\/blog\\\/\",\"name\":\"RIOCOPTER - Passeio de Helic\u00f3ptero\",\"description\":\"Passeio de Helic\u00f3ptero\",\"publisher\":{\"@id\":\"https:\\\/\\\/www.riocopter.com.br\\\/blog\\\/#organization\"},\"alternateName\":\"RIOCOPTER\",\"potentialAction\":[{\"@type\":\"SearchAction\",\"target\":{\"@type\":\"EntryPoint\",\"urlTemplate\":\"https:\\\/\\\/www.riocopter.com.br\\\/blog\\\/?s={search_term_string}\"},\"query-input\":{\"@type\":\"PropertyValueSpecification\",\"valueRequired\":true,\"valueName\":\"search_term_string\"}}],\"inLanguage\":\"pt-BR\"},{\"@type\":\"Organization\",\"@id\":\"https:\\\/\\\/www.riocopter.com.br\\\/blog\\\/#organization\",\"name\":\"RIOCOPTER - Passeios de Helic\u00f3ptero\",\"url\":\"https:\\\/\\\/www.riocopter.com.br\\\/blog\\\/\",\"logo\":{\"@type\":\"ImageObject\",\"inLanguage\":\"pt-BR\",\"@id\":\"https:\\\/\\\/www.riocopter.com.br\\\/blog\\\/#\\\/schema\\\/logo\\\/image\\\/\",\"url\":\"https:\\\/\\\/www.riocopter.com.br\\\/blog\\\/wp-content\\\/uploads\\\/2025\\\/06\\\/Logo_header.png\",\"contentUrl\":\"https:\\\/\\\/www.riocopter.com.br\\\/blog\\\/wp-content\\\/uploads\\\/2025\\\/06\\\/Logo_header.png\",\"width\":550,\"height\":128,\"caption\":\"RIOCOPTER - Passeios de Helic\u00f3ptero\"},\"image\":{\"@id\":\"https:\\\/\\\/www.riocopter.com.br\\\/blog\\\/#\\\/schema\\\/logo\\\/image\\\/\"},\"sameAs\":[\"https:\\\/\\\/www.instagram.com\\\/riocopteroficial\\\/\"]},{\"@type\":\"Person\",\"@id\":\"\"}]}<\/script>\n<!-- \/ Yoast SEO Premium plugin. -->","yoast_head_json":{"title":"Celebra\u00e7\u00f5es A\u00e9reas | RIOCOPTER - Passeios de Helic\u00f3ptero","robots":{"index":"index","follow":"follow","max-snippet":"max-snippet:-1","max-image-preview":"max-image-preview:large","max-video-preview":"max-video-preview:-1"},"canonical":"https:\/\/www.riocopter.com.br\/blog\/celebracoes-aereas\/","og_locale":"pt_BR","og_type":"article","og_title":"Celebra\u00e7\u00f5es A\u00e9reas","og_description":"Transformando Anivers\u00e1rios em Marcos: Voo Helic\u00f3ptero Rio Celebra\u00e7\u00e3o Celebra\u00e7\u00f5es A\u00e9reas. O voo helic\u00f3ptero Rio celebra\u00e7\u00e3o ... Saiba Mais","og_url":"https:\/\/www.riocopter.com.br\/blog\/celebracoes-aereas\/","og_site_name":"RIOCOPTER - Passeios de Helic\u00f3ptero","article_published_time":"2025-09-10T12:20:24+00:00","article_modified_time":"2025-12-16T20:10:58+00:00","og_image":[{"width":1000,"height":430,"url":"https:\/\/www.riocopter.com.br\/blog\/wp-content\/uploads\/2025\/09\/hhhhh-1.jpg","type":"image\/jpeg"}],"twitter_misc":{"Escrito por":"","Est. tempo de leitura":"5 minutos"},"schema":{"@context":"https:\/\/schema.org","@graph":[{"@type":"Article","@id":"https:\/\/www.riocopter.com.br\/blog\/celebracoes-aereas\/#article","isPartOf":{"@id":"https:\/\/www.riocopter.com.br\/blog\/celebracoes-aereas\/"},"author":{"name":"","@id":""},"headline":"Celebra\u00e7\u00f5es A\u00e9reas","datePublished":"2025-09-10T12:20:24+00:00","dateModified":"2025-12-16T20:10:58+00:00","mainEntityOfPage":{"@id":"https:\/\/www.riocopter.com.br\/blog\/celebracoes-aereas\/"},"wordCount":1023,"publisher":{"@id":"https:\/\/www.riocopter.com.br\/blog\/#organization"},"image":{"@id":"https:\/\/www.riocopter.com.br\/blog\/celebracoes-aereas\/#primaryimage"},"thumbnailUrl":"https:\/\/www.riocopter.com.br\/blog\/wp-content\/uploads\/2025\/09\/hhhhh-1.jpg","keywords":["Celebra\u00e7\u00f5es A\u00e9reas"],"articleSection":["Saiba Mais..."],"inLanguage":"pt-BR"},{"@type":"WebPage","@id":"https:\/\/www.riocopter.com.br\/blog\/celebracoes-aereas\/","url":"https:\/\/www.riocopter.com.br\/blog\/celebracoes-aereas\/","name":"Celebra\u00e7\u00f5es A\u00e9reas | RIOCOPTER - Passeios de Helic\u00f3ptero","isPartOf":{"@id":"https:\/\/www.riocopter.com.br\/blog\/#website"},"primaryImageOfPage":{"@id":"https:\/\/www.riocopter.com.br\/blog\/celebracoes-aereas\/#primaryimage"},"image":{"@id":"https:\/\/www.riocopter.com.br\/blog\/celebracoes-aereas\/#primaryimage"},"thumbnailUrl":"https:\/\/www.riocopter.com.br\/blog\/wp-content\/uploads\/2025\/09\/hhhhh-1.jpg","datePublished":"2025-09-10T12:20:24+00:00","dateModified":"2025-12-16T20:10:58+00:00","breadcrumb":{"@id":"https:\/\/www.riocopter.com.br\/blog\/celebracoes-aereas\/#breadcrumb"},"inLanguage":"pt-BR","potentialAction":[{"@type":"ReadAction","target":["https:\/\/www.riocopter.com.br\/blog\/celebracoes-aereas\/"]}]},{"@type":"ImageObject","inLanguage":"pt-BR","@id":"https:\/\/www.riocopter.com.br\/blog\/celebracoes-aereas\/#primaryimage","url":"https:\/\/www.riocopter.com.br\/blog\/wp-content\/uploads\/2025\/09\/hhhhh-1.jpg","contentUrl":"https:\/\/www.riocopter.com.br\/blog\/wp-content\/uploads\/2025\/09\/hhhhh-1.jpg","width":1000,"height":430,"caption":"Turismo Corporativo no Rio: Impressione Clientes e Parceiros com Experi\u00eancias A\u00e9reas Exclusivas"},{"@type":"BreadcrumbList","@id":"https:\/\/www.riocopter.com.br\/blog\/celebracoes-aereas\/#breadcrumb","itemListElement":[{"@type":"ListItem","position":1,"name":"In\u00edcio","item":"https:\/\/www.riocopter.com.br\/blog\/"},{"@type":"ListItem","position":2,"name":"Celebra\u00e7\u00f5es A\u00e9reas"}]},{"@type":"WebSite","@id":"https:\/\/www.riocopter.com.br\/blog\/#website","url":"https:\/\/www.riocopter.com.br\/blog\/","name":"RIOCOPTER - Passeio de Helic\u00f3ptero","description":"Passeio de Helic\u00f3ptero","publisher":{"@id":"https:\/\/www.riocopter.com.br\/blog\/#organization"},"alternateName":"RIOCOPTER","potentialAction":[{"@type":"SearchAction","target":{"@type":"EntryPoint","urlTemplate":"https:\/\/www.riocopter.com.br\/blog\/?s={search_term_string}"},"query-input":{"@type":"PropertyValueSpecification","valueRequired":true,"valueName":"search_term_string"}}],"inLanguage":"pt-BR"},{"@type":"Organization","@id":"https:\/\/www.riocopter.com.br\/blog\/#organization","name":"RIOCOPTER - Passeios de Helic\u00f3ptero","url":"https:\/\/www.riocopter.com.br\/blog\/","logo":{"@type":"ImageObject","inLanguage":"pt-BR","@id":"https:\/\/www.riocopter.com.br\/blog\/#\/schema\/logo\/image\/","url":"https:\/\/www.riocopter.com.br\/blog\/wp-content\/uploads\/2025\/06\/Logo_header.png","contentUrl":"https:\/\/www.riocopter.com.br\/blog\/wp-content\/uploads\/2025\/06\/Logo_header.png","width":550,"height":128,"caption":"RIOCOPTER - Passeios de Helic\u00f3ptero"},"image":{"@id":"https:\/\/www.riocopter.com.br\/blog\/#\/schema\/logo\/image\/"},"sameAs":["https:\/\/www.instagram.com\/riocopteroficial\/"]},{"@type":"Person","@id":""}]}},"_links":{"self":[{"href":"https:\/\/www.riocopter.com.br\/blog\/wp-json\/wp\/v2\/posts\/1587","targetHints":{"allow":["GET"]}}],"collection":[{"href":"https:\/\/www.riocopter.com.br\/blog\/wp-json\/wp\/v2\/posts"}],"about":[{"href":"https:\/\/www.riocopter.com.br\/blog\/wp-json\/wp\/v2\/types\/post"}],"author":[{"embeddable":true,"href":"https:\/\/www.riocopter.com.br\/blog\/wp-json\/wp\/v2\/users\/2"}],"replies":[{"embeddable":true,"href":"https:\/\/www.riocopter.com.br\/blog\/wp-json\/wp\/v2\/comments?post=1587"}],"version-history":[{"count":0,"href":"https:\/\/www.riocopter.com.br\/blog\/wp-json\/wp\/v2\/posts\/1587\/revisions"}],"wp:featuredmedia":[{"embeddable":true,"href":"https:\/\/www.riocopter.com.br\/blog\/wp-json\/wp\/v2\/media\/1588"}],"wp:attachment":[{"href":"https:\/\/www.riocopter.com.br\/blog\/wp-json\/wp\/v2\/media?parent=1587"}],"wp:term":[{"taxonomy":"category","embeddable":true,"href":"https:\/\/www.riocopter.com.br\/blog\/wp-json\/wp\/v2\/categories?post=1587"},{"taxonomy":"post_tag","embeddable":true,"href":"https:\/\/www.riocopter.com.br\/blog\/wp-json\/wp\/v2\/tags?post=1587"}],"curies":[{"name":"wp","href":"https:\/\/api.w.org\/{rel}","templated":true}]}}