{"id":1530,"date":"2025-09-06T13:10:09","date_gmt":"2025-09-06T13:10:09","guid":{"rendered":"https:\/\/www.riocopter.com.br\/blog\/?p=1530"},"modified":"2025-12-17T22:36:09","modified_gmt":"2025-12-17T22:36:09","slug":"celebracoes-nas-alturas","status":"publish","type":"post","link":"https:\/\/www.riocopter.com.br\/blog\/celebracoes-nas-alturas\/","title":{"rendered":"Celebra\u00e7\u00f5es Nas Alturas"},"content":{"rendered":"<h1>Transformando Momentos Especiais em Mem\u00f3rias: Voo Helic\u00f3ptero Rio Comemora\u00e7\u00e3o<\/h1>\n<p>Celebra\u00e7\u00f5es Nas Alturas. O <strong>voo helic\u00f3ptero Rio comemora\u00e7\u00e3o<\/strong> transforma ocasi\u00f5es especiais em experi\u00eancias transcendentais memor\u00e1veis. De fato, existe magia \u00fanica em elevar literalmente suas comemora\u00e7\u00f5es mais importantes aos c\u00e9us cariocas. Consequentemente, momentos significativos permanecem gravados na mem\u00f3ria com intensidade emocional incompar\u00e1vel. Portanto, cada tipo de celebra\u00e7\u00e3o ganha dimens\u00e3o extraordin\u00e1ria com toda a Cidade Maravilhosa como cen\u00e1rio<a href=\"https:\/\/www.riocopter.com.br\/\">.<\/a><\/p>\n<p>Celebrar nas alturas oferece perspectiva \u00fanica sobre trajet\u00f3rias pessoais e conquistas alcan\u00e7adas. De fato, montanhas representam desafios superados enquanto oceano simboliza possibilidades infinitas. Consequentemente, voc\u00ea experimenta celebra\u00e7\u00e3o que transcende o convencional completamente<a href=\"https:\/\/www.instagram.com\/riocopteroficial\/\" target=\"_blank\" rel=\"noopener\">.<\/a><\/p>\n<h2>Anivers\u00e1rios Milestone no Voo Helic\u00f3ptero Rio Comemora\u00e7\u00e3o<\/h2>\n<p>Anivers\u00e1rios que marcam d\u00e9cadas de vida merecem celebra\u00e7\u00f5es \u00e0 altura de sua signific\u00e2ncia verdadeira. De fato, o <strong>voo helic\u00f3ptero Rio comemora\u00e7\u00e3o<\/strong> de 30, 40, 50 anos cria simbolismo poderoso sobre perspectiva de vida. Consequentemente, voc\u00ea reflete sobre conquistas alcan\u00e7adas e horizontes futuros com emo\u00e7\u00e3o<a href=\"https:\/\/www.riocopter.com.br\/blog\/turismo-de-aventura-no-rio-de-janeiro\/\" target=\"_blank\" rel=\"noopener\">.<\/a><\/p>\n<p>Ocasi\u00f5es ideais para celebrar nas alturas:<\/p>\n<ul>\n<li>Anivers\u00e1rios de d\u00e9cadas: 30, 40, 50, 60 anos<\/li>\n<li>Bodas de prata, ouro e marcos de relacionamento<\/li>\n<li>Anivers\u00e1rios de namoro e celebra\u00e7\u00f5es de casal<\/li>\n<li>Transi\u00e7\u00f5es importantes de vida<\/li>\n<\/ul>\n<p>A vista panor\u00e2mica oferece met\u00e1fora perfeita para reflex\u00e3o sobre trajet\u00f3rias pessoais conquistadas. Al\u00e9m disso, celebrar nas alturas transforma envelhecer em celebra\u00e7\u00e3o de sabedoria e experi\u00eancias. Portanto, voc\u00ea renova gratid\u00e3o pela jornada compartilhada com quem ama.<\/p>\n<p>A <strong>RIOCOPTER<\/strong> especializa-se em transformar comemora\u00e7\u00f5es em experi\u00eancias inesquec\u00edveis nas alturas. De fato, realizamos voos panor\u00e2micos com ou sem portas para todas as celebra\u00e7\u00f5es.<\/p>\n<h2>Formaturas e Conquistas no Voo Helic\u00f3ptero Rio Comemora\u00e7\u00e3o<\/h2>\n<p>Celebrar conquistas acad\u00eamicas ou profissionais durante voo cria associa\u00e7\u00e3o permanente com eleva\u00e7\u00e3o. De fato, o <strong>voo helic\u00f3ptero Rio comemora\u00e7\u00e3o<\/strong> profissional transforma formatura ou promo\u00e7\u00e3o em momento cerimonial. Consequentemente, voc\u00ea associa sucesso pessoal com sensa\u00e7\u00f5es de eleva\u00e7\u00e3o literal.<\/p>\n<p>A perspectiva a\u00e9rea da cidade oferece simbolismo rico para profissionais em ascens\u00e3o cont\u00ednua. Al\u00e9m disso, ver o Rio de cima representa vis\u00e3o ampliada de possibilidades futuras. Portanto, voc\u00ea compreende que conquistas individuais fazem parte de rede maior de oportunidades.<\/p>\n<h2>Supera\u00e7\u00e3o Pessoal no Voo Helic\u00f3ptero Rio Comemora\u00e7\u00e3o<\/h2>\n<p>Para pessoas que superaram desafios significativos, celebrar vit\u00f3rias nas alturas possui poder transformador. De fato, o <strong>voo helic\u00f3ptero Rio comemora\u00e7\u00e3o<\/strong> de supera\u00e7\u00e3o simboliza eleva\u00e7\u00e3o acima das circunst\u00e2ncias limitantes. Consequentemente, experi\u00eancia a\u00e9rea representa literalmente transcend\u00eancia sobre desafios enfrentados.<\/p>\n<p>Vit\u00f3rias pessoais para celebrar:<\/p>\n<ul>\n<li>Recupera\u00e7\u00e3o de doen\u00e7as graves<\/li>\n<li>Anivers\u00e1rios de sobriedade<\/li>\n<li>Remiss\u00e3o de c\u00e2ncer celebrada<\/li>\n<li>Supera\u00e7\u00e3o de depress\u00e3o e medos<\/li>\n<\/ul>\n<p>Muitas pessoas escolhem celebrar marcos de recupera\u00e7\u00e3o atrav\u00e9s de voos que simbolizam renova\u00e7\u00e3o. Al\u00e9m disso, perspectiva das alturas serve como lembran\u00e7a visual de que elevar-se \u00e9 poss\u00edvel sempre. Portanto, voc\u00ea cria tesouro pessoal que inspira durante momentos futuros de desafio.<\/p>\n<h2>Reuni\u00f5es Familiares no Voo Helic\u00f3ptero Rio Comemora\u00e7\u00e3o<\/h2>\n<p>Reunir fam\u00edlia de diferentes partes do mundo para celebra\u00e7\u00e3o a\u00e9rea cria mem\u00f3ria coletiva \u00fanica. De fato, o <strong>voo helic\u00f3ptero Rio comemora\u00e7\u00e3o<\/strong> familiar une gera\u00e7\u00f5es atrav\u00e9s de experi\u00eancia compartilhada extraordin\u00e1ria. Consequentemente, reencontros ganham dimens\u00e3o especial com toda cidade como testemunha.<\/p>\n<p>Para fam\u00edlias que enfrentaram separa\u00e7\u00e3o, experi\u00eancia a\u00e9rea oferece terreno neutro para reconcilia\u00e7\u00e3o. Al\u00e9m disso, perspectiva das alturas facilita renova\u00e7\u00e3o de v\u00ednculos que circunst\u00e2ncias enfraqueceram. Portanto, voc\u00ea cria legado emocional que transcende presentes materiais.<\/p>\n<h2>Celebra\u00e7\u00f5es Culturais no Voo Helic\u00f3ptero Rio Comemora\u00e7\u00e3o<\/h2>\n<p>Pessoas conectadas com ra\u00edzes culturais frequentemente celebram datas importantes durante voos especiais. De fato, o <strong>voo helic\u00f3ptero Rio comemora\u00e7\u00e3o<\/strong> espiritual oferece senso de conex\u00e3o com o divino nas alturas. Consequentemente, proximidade com o c\u00e9u ressoa com tradi\u00e7\u00f5es que valorizam conex\u00e3o ancestral.<\/p>\n<p>A experi\u00eancia a\u00e9rea tamb\u00e9m celebra a pr\u00f3pria cidade do Rio e sua energia \u00fanica. Al\u00e9m disso, moradores locais celebram identidade carioca e gratid\u00e3o pelo privil\u00e9gio de viver aqui. Portanto, voc\u00ea honra cultura, beleza natural e pertencimento \u00e0 Cidade Maravilhosa.<\/p>\n<h2>Tradi\u00e7\u00f5es Celebrativas no Voo Helic\u00f3ptero Rio Comemora\u00e7\u00e3o<\/h2>\n<p>Muitas pessoas descobrem que celebra\u00e7\u00f5es a\u00e9reas se tornam tradi\u00e7\u00f5es pessoais recorrentes na fam\u00edlia. De fato, o <strong>voo helic\u00f3ptero Rio comemora\u00e7\u00e3o<\/strong> cria desejo de repeti\u00e7\u00e3o em momentos importantes futuros. Consequentemente, tradi\u00e7\u00f5es \u00fanicas diferenciam-se completamente de comemora\u00e7\u00f5es convencionais.<\/p>\n<p>Documenta\u00e7\u00e3o cuidadosa atrav\u00e9s de fotografias e v\u00eddeos cria arquivo pessoal valioso permanente. Al\u00e9m disso, di\u00e1rios de bordo documentam evolu\u00e7\u00e3o da vida pessoal e familiar ao longo do tempo. Portanto, voc\u00ea preserva mem\u00f3rias que apreciam em valor emocional com os anos.<\/p>\n<h2>Reserve Seu Voo Helic\u00f3ptero Rio Comemora\u00e7\u00e3o Hoje<\/h2>\n<p>Escolher celebrar momentos importantes atrav\u00e9s de experi\u00eancias representa filosofia sobre o que importa. De fato, o <strong>voo helic\u00f3ptero Rio comemora\u00e7\u00e3o<\/strong> cria mem\u00f3rias que apreciam em valor diferentemente de objetos. Consequentemente, a <strong>RIOCOPTER<\/strong> est\u00e1 pronta para transformar suas celebra\u00e7\u00f5es em experi\u00eancias eternas.<\/p>\n<p>Agende seu voo e eleve suas comemora\u00e7\u00f5es mais importantes aos c\u00e9us cariocas literalmente. Portanto, entre em contato e crie mem\u00f3rias que permanecer\u00e3o para sempre.<\/p>\n<p>Em conclus\u00e3o, celebra\u00e7\u00f5es a\u00e9reas transcendem o convencional criando momentos verdadeiramente \u00fanicos. Afinal, voc\u00ea merece comemora\u00e7\u00f5es \u00e0 altura da signific\u00e2ncia dos seus momentos especiais!<\/p>\n<p>&nbsp;<\/p>\n","protected":false},"excerpt":{"rendered":"<p>Transformando Momentos Especiais em Mem\u00f3rias: Voo Helic\u00f3ptero Rio Comemora\u00e7\u00e3o Celebra\u00e7\u00f5es Nas Alturas. O voo helic\u00f3ptero &#8230; <a class=\"cz_readmore cz_readmore_no_icon\" href=\"https:\/\/www.riocopter.com.br\/blog\/celebracoes-nas-alturas\/\"><span>Saiba Mais<\/span><\/a><\/p>\n","protected":false},"author":2,"featured_media":1531,"comment_status":"closed","ping_status":"closed","sticky":false,"template":"","format":"standard","meta":{"footnotes":""},"categories":[1],"tags":[163],"class_list":["post-1530","post","type-post","status-publish","format-standard","has-post-thumbnail","hentry","category-news","tag-celebracoes-nas-alturas"],"yoast_head":"<!-- This site is optimized with the Yoast SEO Premium plugin v26.5 (Yoast SEO v27.5) - https:\/\/yoast.com\/product\/yoast-seo-premium-wordpress\/ -->\n<title>Celebra\u00e7\u00f5es Nas Alturas | RIOCOPTER - Passeios de Helic\u00f3ptero<\/title>\n<meta name=\"robots\" content=\"index, follow, max-snippet:-1, max-image-preview:large, max-video-preview:-1\" \/>\n<link rel=\"canonical\" href=\"https:\/\/www.riocopter.com.br\/blog\/celebracoes-nas-alturas\/\" \/>\n<meta property=\"og:locale\" content=\"pt_BR\" \/>\n<meta property=\"og:type\" content=\"article\" \/>\n<meta property=\"og:title\" content=\"Celebra\u00e7\u00f5es Nas Alturas\" \/>\n<meta property=\"og:description\" content=\"Transformando Momentos Especiais em Mem\u00f3rias: Voo Helic\u00f3ptero Rio Comemora\u00e7\u00e3o Celebra\u00e7\u00f5es Nas Alturas. O voo helic\u00f3ptero ... Saiba Mais\" \/>\n<meta property=\"og:url\" content=\"https:\/\/www.riocopter.com.br\/blog\/celebracoes-nas-alturas\/\" \/>\n<meta property=\"og:site_name\" content=\"RIOCOPTER - Passeios de Helic\u00f3ptero\" \/>\n<meta property=\"article:published_time\" content=\"2025-09-06T13:10:09+00:00\" \/>\n<meta property=\"article:modified_time\" content=\"2025-12-17T22:36:09+00:00\" \/>\n<meta property=\"og:image\" content=\"https:\/\/www.riocopter.com.br\/blog\/wp-content\/uploads\/2025\/09\/ppppppp.jpg\" \/>\n\t<meta property=\"og:image:width\" content=\"1000\" \/>\n\t<meta property=\"og:image:height\" content=\"430\" \/>\n\t<meta property=\"og:image:type\" content=\"image\/jpeg\" \/>\n<meta name=\"twitter:label1\" content=\"Escrito por\" \/>\n\t<meta name=\"twitter:data1\" content=\"\" \/>\n\t<meta name=\"twitter:label2\" content=\"Est. tempo de leitura\" \/>\n\t<meta name=\"twitter:data2\" content=\"5 minutos\" \/>\n<script type=\"application\/ld+json\" class=\"yoast-schema-graph\">{\"@context\":\"https:\\\/\\\/schema.org\",\"@graph\":[{\"@type\":\"Article\",\"@id\":\"https:\\\/\\\/www.riocopter.com.br\\\/blog\\\/celebracoes-nas-alturas\\\/#article\",\"isPartOf\":{\"@id\":\"https:\\\/\\\/www.riocopter.com.br\\\/blog\\\/celebracoes-nas-alturas\\\/\"},\"author\":{\"name\":\"\",\"@id\":\"\"},\"headline\":\"Celebra\u00e7\u00f5es Nas Alturas\",\"datePublished\":\"2025-09-06T13:10:09+00:00\",\"dateModified\":\"2025-12-17T22:36:09+00:00\",\"mainEntityOfPage\":{\"@id\":\"https:\\\/\\\/www.riocopter.com.br\\\/blog\\\/celebracoes-nas-alturas\\\/\"},\"wordCount\":934,\"publisher\":{\"@id\":\"https:\\\/\\\/www.riocopter.com.br\\\/blog\\\/#organization\"},\"image\":{\"@id\":\"https:\\\/\\\/www.riocopter.com.br\\\/blog\\\/celebracoes-nas-alturas\\\/#primaryimage\"},\"thumbnailUrl\":\"https:\\\/\\\/www.riocopter.com.br\\\/blog\\\/wp-content\\\/uploads\\\/2025\\\/09\\\/ppppppp.jpg\",\"keywords\":[\"Celebra\u00e7\u00f5es Nas Alturas\"],\"articleSection\":[\"News\"],\"inLanguage\":\"pt-BR\"},{\"@type\":\"WebPage\",\"@id\":\"https:\\\/\\\/www.riocopter.com.br\\\/blog\\\/celebracoes-nas-alturas\\\/\",\"url\":\"https:\\\/\\\/www.riocopter.com.br\\\/blog\\\/celebracoes-nas-alturas\\\/\",\"name\":\"Celebra\u00e7\u00f5es Nas Alturas | RIOCOPTER - Passeios de Helic\u00f3ptero\",\"isPartOf\":{\"@id\":\"https:\\\/\\\/www.riocopter.com.br\\\/blog\\\/#website\"},\"primaryImageOfPage\":{\"@id\":\"https:\\\/\\\/www.riocopter.com.br\\\/blog\\\/celebracoes-nas-alturas\\\/#primaryimage\"},\"image\":{\"@id\":\"https:\\\/\\\/www.riocopter.com.br\\\/blog\\\/celebracoes-nas-alturas\\\/#primaryimage\"},\"thumbnailUrl\":\"https:\\\/\\\/www.riocopter.com.br\\\/blog\\\/wp-content\\\/uploads\\\/2025\\\/09\\\/ppppppp.jpg\",\"datePublished\":\"2025-09-06T13:10:09+00:00\",\"dateModified\":\"2025-12-17T22:36:09+00:00\",\"breadcrumb\":{\"@id\":\"https:\\\/\\\/www.riocopter.com.br\\\/blog\\\/celebracoes-nas-alturas\\\/#breadcrumb\"},\"inLanguage\":\"pt-BR\",\"potentialAction\":[{\"@type\":\"ReadAction\",\"target\":[\"https:\\\/\\\/www.riocopter.com.br\\\/blog\\\/celebracoes-nas-alturas\\\/\"]}]},{\"@type\":\"ImageObject\",\"inLanguage\":\"pt-BR\",\"@id\":\"https:\\\/\\\/www.riocopter.com.br\\\/blog\\\/celebracoes-nas-alturas\\\/#primaryimage\",\"url\":\"https:\\\/\\\/www.riocopter.com.br\\\/blog\\\/wp-content\\\/uploads\\\/2025\\\/09\\\/ppppppp.jpg\",\"contentUrl\":\"https:\\\/\\\/www.riocopter.com.br\\\/blog\\\/wp-content\\\/uploads\\\/2025\\\/09\\\/ppppppp.jpg\",\"width\":1000,\"height\":430},{\"@type\":\"BreadcrumbList\",\"@id\":\"https:\\\/\\\/www.riocopter.com.br\\\/blog\\\/celebracoes-nas-alturas\\\/#breadcrumb\",\"itemListElement\":[{\"@type\":\"ListItem\",\"position\":1,\"name\":\"In\u00edcio\",\"item\":\"https:\\\/\\\/www.riocopter.com.br\\\/blog\\\/\"},{\"@type\":\"ListItem\",\"position\":2,\"name\":\"Celebra\u00e7\u00f5es Nas Alturas\"}]},{\"@type\":\"WebSite\",\"@id\":\"https:\\\/\\\/www.riocopter.com.br\\\/blog\\\/#website\",\"url\":\"https:\\\/\\\/www.riocopter.com.br\\\/blog\\\/\",\"name\":\"RIOCOPTER - Passeio de Helic\u00f3ptero\",\"description\":\"Passeio de Helic\u00f3ptero\",\"publisher\":{\"@id\":\"https:\\\/\\\/www.riocopter.com.br\\\/blog\\\/#organization\"},\"alternateName\":\"RIOCOPTER\",\"potentialAction\":[{\"@type\":\"SearchAction\",\"target\":{\"@type\":\"EntryPoint\",\"urlTemplate\":\"https:\\\/\\\/www.riocopter.com.br\\\/blog\\\/?s={search_term_string}\"},\"query-input\":{\"@type\":\"PropertyValueSpecification\",\"valueRequired\":true,\"valueName\":\"search_term_string\"}}],\"inLanguage\":\"pt-BR\"},{\"@type\":\"Organization\",\"@id\":\"https:\\\/\\\/www.riocopter.com.br\\\/blog\\\/#organization\",\"name\":\"RIOCOPTER - Passeios de Helic\u00f3ptero\",\"url\":\"https:\\\/\\\/www.riocopter.com.br\\\/blog\\\/\",\"logo\":{\"@type\":\"ImageObject\",\"inLanguage\":\"pt-BR\",\"@id\":\"https:\\\/\\\/www.riocopter.com.br\\\/blog\\\/#\\\/schema\\\/logo\\\/image\\\/\",\"url\":\"https:\\\/\\\/www.riocopter.com.br\\\/blog\\\/wp-content\\\/uploads\\\/2025\\\/06\\\/Logo_header.png\",\"contentUrl\":\"https:\\\/\\\/www.riocopter.com.br\\\/blog\\\/wp-content\\\/uploads\\\/2025\\\/06\\\/Logo_header.png\",\"width\":550,\"height\":128,\"caption\":\"RIOCOPTER - Passeios de Helic\u00f3ptero\"},\"image\":{\"@id\":\"https:\\\/\\\/www.riocopter.com.br\\\/blog\\\/#\\\/schema\\\/logo\\\/image\\\/\"},\"sameAs\":[\"https:\\\/\\\/www.instagram.com\\\/riocopteroficial\\\/\"]},{\"@type\":\"Person\",\"@id\":\"\"}]}<\/script>\n<!-- \/ Yoast SEO Premium plugin. -->","yoast_head_json":{"title":"Celebra\u00e7\u00f5es Nas Alturas | RIOCOPTER - Passeios de Helic\u00f3ptero","robots":{"index":"index","follow":"follow","max-snippet":"max-snippet:-1","max-image-preview":"max-image-preview:large","max-video-preview":"max-video-preview:-1"},"canonical":"https:\/\/www.riocopter.com.br\/blog\/celebracoes-nas-alturas\/","og_locale":"pt_BR","og_type":"article","og_title":"Celebra\u00e7\u00f5es Nas Alturas","og_description":"Transformando Momentos Especiais em Mem\u00f3rias: Voo Helic\u00f3ptero Rio Comemora\u00e7\u00e3o Celebra\u00e7\u00f5es Nas Alturas. O voo helic\u00f3ptero ... Saiba Mais","og_url":"https:\/\/www.riocopter.com.br\/blog\/celebracoes-nas-alturas\/","og_site_name":"RIOCOPTER - Passeios de Helic\u00f3ptero","article_published_time":"2025-09-06T13:10:09+00:00","article_modified_time":"2025-12-17T22:36:09+00:00","og_image":[{"width":1000,"height":430,"url":"https:\/\/www.riocopter.com.br\/blog\/wp-content\/uploads\/2025\/09\/ppppppp.jpg","type":"image\/jpeg"}],"twitter_misc":{"Escrito por":"","Est. tempo de leitura":"5 minutos"},"schema":{"@context":"https:\/\/schema.org","@graph":[{"@type":"Article","@id":"https:\/\/www.riocopter.com.br\/blog\/celebracoes-nas-alturas\/#article","isPartOf":{"@id":"https:\/\/www.riocopter.com.br\/blog\/celebracoes-nas-alturas\/"},"author":{"name":"","@id":""},"headline":"Celebra\u00e7\u00f5es Nas Alturas","datePublished":"2025-09-06T13:10:09+00:00","dateModified":"2025-12-17T22:36:09+00:00","mainEntityOfPage":{"@id":"https:\/\/www.riocopter.com.br\/blog\/celebracoes-nas-alturas\/"},"wordCount":934,"publisher":{"@id":"https:\/\/www.riocopter.com.br\/blog\/#organization"},"image":{"@id":"https:\/\/www.riocopter.com.br\/blog\/celebracoes-nas-alturas\/#primaryimage"},"thumbnailUrl":"https:\/\/www.riocopter.com.br\/blog\/wp-content\/uploads\/2025\/09\/ppppppp.jpg","keywords":["Celebra\u00e7\u00f5es Nas Alturas"],"articleSection":["News"],"inLanguage":"pt-BR"},{"@type":"WebPage","@id":"https:\/\/www.riocopter.com.br\/blog\/celebracoes-nas-alturas\/","url":"https:\/\/www.riocopter.com.br\/blog\/celebracoes-nas-alturas\/","name":"Celebra\u00e7\u00f5es Nas Alturas | RIOCOPTER - Passeios de Helic\u00f3ptero","isPartOf":{"@id":"https:\/\/www.riocopter.com.br\/blog\/#website"},"primaryImageOfPage":{"@id":"https:\/\/www.riocopter.com.br\/blog\/celebracoes-nas-alturas\/#primaryimage"},"image":{"@id":"https:\/\/www.riocopter.com.br\/blog\/celebracoes-nas-alturas\/#primaryimage"},"thumbnailUrl":"https:\/\/www.riocopter.com.br\/blog\/wp-content\/uploads\/2025\/09\/ppppppp.jpg","datePublished":"2025-09-06T13:10:09+00:00","dateModified":"2025-12-17T22:36:09+00:00","breadcrumb":{"@id":"https:\/\/www.riocopter.com.br\/blog\/celebracoes-nas-alturas\/#breadcrumb"},"inLanguage":"pt-BR","potentialAction":[{"@type":"ReadAction","target":["https:\/\/www.riocopter.com.br\/blog\/celebracoes-nas-alturas\/"]}]},{"@type":"ImageObject","inLanguage":"pt-BR","@id":"https:\/\/www.riocopter.com.br\/blog\/celebracoes-nas-alturas\/#primaryimage","url":"https:\/\/www.riocopter.com.br\/blog\/wp-content\/uploads\/2025\/09\/ppppppp.jpg","contentUrl":"https:\/\/www.riocopter.com.br\/blog\/wp-content\/uploads\/2025\/09\/ppppppp.jpg","width":1000,"height":430},{"@type":"BreadcrumbList","@id":"https:\/\/www.riocopter.com.br\/blog\/celebracoes-nas-alturas\/#breadcrumb","itemListElement":[{"@type":"ListItem","position":1,"name":"In\u00edcio","item":"https:\/\/www.riocopter.com.br\/blog\/"},{"@type":"ListItem","position":2,"name":"Celebra\u00e7\u00f5es Nas Alturas"}]},{"@type":"WebSite","@id":"https:\/\/www.riocopter.com.br\/blog\/#website","url":"https:\/\/www.riocopter.com.br\/blog\/","name":"RIOCOPTER - Passeio de Helic\u00f3ptero","description":"Passeio de Helic\u00f3ptero","publisher":{"@id":"https:\/\/www.riocopter.com.br\/blog\/#organization"},"alternateName":"RIOCOPTER","potentialAction":[{"@type":"SearchAction","target":{"@type":"EntryPoint","urlTemplate":"https:\/\/www.riocopter.com.br\/blog\/?s={search_term_string}"},"query-input":{"@type":"PropertyValueSpecification","valueRequired":true,"valueName":"search_term_string"}}],"inLanguage":"pt-BR"},{"@type":"Organization","@id":"https:\/\/www.riocopter.com.br\/blog\/#organization","name":"RIOCOPTER - Passeios de Helic\u00f3ptero","url":"https:\/\/www.riocopter.com.br\/blog\/","logo":{"@type":"ImageObject","inLanguage":"pt-BR","@id":"https:\/\/www.riocopter.com.br\/blog\/#\/schema\/logo\/image\/","url":"https:\/\/www.riocopter.com.br\/blog\/wp-content\/uploads\/2025\/06\/Logo_header.png","contentUrl":"https:\/\/www.riocopter.com.br\/blog\/wp-content\/uploads\/2025\/06\/Logo_header.png","width":550,"height":128,"caption":"RIOCOPTER - Passeios de Helic\u00f3ptero"},"image":{"@id":"https:\/\/www.riocopter.com.br\/blog\/#\/schema\/logo\/image\/"},"sameAs":["https:\/\/www.instagram.com\/riocopteroficial\/"]},{"@type":"Person","@id":""}]}},"_links":{"self":[{"href":"https:\/\/www.riocopter.com.br\/blog\/wp-json\/wp\/v2\/posts\/1530","targetHints":{"allow":["GET"]}}],"collection":[{"href":"https:\/\/www.riocopter.com.br\/blog\/wp-json\/wp\/v2\/posts"}],"about":[{"href":"https:\/\/www.riocopter.com.br\/blog\/wp-json\/wp\/v2\/types\/post"}],"author":[{"embeddable":true,"href":"https:\/\/www.riocopter.com.br\/blog\/wp-json\/wp\/v2\/users\/2"}],"replies":[{"embeddable":true,"href":"https:\/\/www.riocopter.com.br\/blog\/wp-json\/wp\/v2\/comments?post=1530"}],"version-history":[{"count":0,"href":"https:\/\/www.riocopter.com.br\/blog\/wp-json\/wp\/v2\/posts\/1530\/revisions"}],"wp:featuredmedia":[{"embeddable":true,"href":"https:\/\/www.riocopter.com.br\/blog\/wp-json\/wp\/v2\/media\/1531"}],"wp:attachment":[{"href":"https:\/\/www.riocopter.com.br\/blog\/wp-json\/wp\/v2\/media?parent=1530"}],"wp:term":[{"taxonomy":"category","embeddable":true,"href":"https:\/\/www.riocopter.com.br\/blog\/wp-json\/wp\/v2\/categories?post=1530"},{"taxonomy":"post_tag","embeddable":true,"href":"https:\/\/www.riocopter.com.br\/blog\/wp-json\/wp\/v2\/tags?post=1530"}],"curies":[{"name":"wp","href":"https:\/\/api.w.org\/{rel}","templated":true}]}}