{"id":1524,"date":"2025-09-06T13:02:29","date_gmt":"2025-09-06T13:02:29","guid":{"rendered":"https:\/\/www.riocopter.com.br\/blog\/?p=1524"},"modified":"2025-12-17T22:42:25","modified_gmt":"2025-12-17T22:42:25","slug":"rio-de-janeiro-visto-de-cima-versus-do-solo","status":"publish","type":"post","link":"https:\/\/www.riocopter.com.br\/blog\/rio-de-janeiro-visto-de-cima-versus-do-solo\/","title":{"rendered":"Rio de Janeiro Visto de Cima Versus do Solo"},"content":{"rendered":"<h1>Uma Perspectiva Revolucion\u00e1ria da Cidade: Voo Helic\u00f3ptero Rio Perspectiva<\/h1>\n<p>Rio de Janeiro Visto de Cima Versus do Solo. O <strong>voo helic\u00f3ptero Rio perspectiva<\/strong> transforma completamente sua compreens\u00e3o espacial da Cidade Maravilhosa. De fato, a diferen\u00e7a entre conhecer o Rio caminhando e contempl\u00e1-lo das alturas \u00e9 t\u00e3o dram\u00e1tica que surpreende. Consequentemente, muitos visitantes descrevem experi\u00eancia a\u00e9rea como descobrir cidade completamente nova. Portanto, voc\u00ea experimenta revolu\u00e7\u00e3o completa na compreens\u00e3o emocional e est\u00e9tica carioca<a href=\"https:\/\/www.riocopter.com.br\/\">.<\/a><\/p>\n<p>Essa transforma\u00e7\u00e3o visual n\u00e3o \u00e9 apenas mudan\u00e7a de \u00e2ngulo, mas revolu\u00e7\u00e3o na percep\u00e7\u00e3o urbana. De fato, fragmentos desconectados se fundem em vis\u00e3o integrada e coesa. Consequentemente, voc\u00ea compreende a geografia que permanecia misteriosa do n\u00edvel do solo<a href=\"https:\/\/www.instagram.com\/riocopteroficial\/\" target=\"_blank\" rel=\"noopener\">.<\/a><\/p>\n<h2>Geografia Oculta no Voo Helic\u00f3ptero Rio Perspectiva<\/h2>\n<p>Do solo, o Rio apresenta-se como s\u00e9rie de experi\u00eancias fragmentadas e desconectadas. De fato, o <strong>voo helic\u00f3ptero Rio perspectiva<\/strong> dissolve essa fragmenta\u00e7\u00e3o instantaneamente revelando organismo integrado. Consequentemente, montanhas abra\u00e7am praias enquanto lagoas conectam bairros harmoniosamente<a href=\"https:\/\/www.riocopter.com.br\/blog\/10-lugares-incriveis-no-rio-de-janeiro\/\" target=\"_blank\" rel=\"noopener\">.<\/a><\/p>\n<p>O que voc\u00ea descobre das alturas:<\/p>\n<ul>\n<li>Mata Atl\u00e2ntica penetrando tecido urbano<\/li>\n<li>Montanhas criando mosaico verde impressionante<\/li>\n<li>Lagoas conectando bairros diferentes<\/li>\n<li>Geografia fazendo sentido completo finalmente<\/li>\n<\/ul>\n<p>O P\u00e3o de A\u00e7\u00facar revela-se como parte de complexo montanhoso que se estende pelo oceano. Al\u00e9m disso, Copacabana e Ipanema mostram-se como faixa cont\u00ednua de areia dourada desenhando curvas. Portanto, voc\u00ea compreende conex\u00f5es que permaneciam invis\u00edveis caminhando pelas ruas.<\/p>\n<p>A <strong>RIOCOPTER<\/strong> proporciona essa revela\u00e7\u00e3o geogr\u00e1fica \u00fanica sobre a cidade maravilhosa. De fato, realizamos voos panor\u00e2micos com ou sem portas transformando sua compreens\u00e3o.<\/p>\n<h2>Compreens\u00e3o Espacial no Voo Helic\u00f3ptero Rio Perspectiva<\/h2>\n<p>A experi\u00eancia terrestre do Rio \u00e9 inevitavelmente linear e limitada em cada momento. De fato, o <strong>voo helic\u00f3ptero Rio perspectiva<\/strong> elimina essa limita\u00e7\u00e3o completamente durante o sobrevoo. Consequentemente, voc\u00ea compreende instantaneamente por que certas ruas seguem determinadas dire\u00e7\u00f5es.<\/p>\n<p>A escala urbana ganha perspectiva real que nunca percebeu antes caminhando. Al\u00e9m disso, favelas revelam-se como complexos urbanos extensos subindo encostas inteiras. Portanto, edif\u00edcios gigantes mostram-se como componentes de padr\u00e3o arquitet\u00f4nico muito maior.<\/p>\n<h2>Belezas Invis\u00edveis no Voo Helic\u00f3ptero Rio Perspectiva<\/h2>\n<p>Existem aspectos da beleza carioca que s\u00e3o literalmente invis\u00edveis para pedestres no solo. De fato, o <strong>voo helic\u00f3ptero Rio perspectiva<\/strong> revela simetria perfeita da Lagoa Rodrigo de Freitas imposs\u00edvel de perceber. Consequentemente, lagoa mostra-se como espelho natural perfeitamente integrado ao tecido urbano.<\/p>\n<p>Belezas que voc\u00ea descobre:<\/p>\n<ul>\n<li>Simetria perfeita de lagoas e ba\u00edas<\/li>\n<li>Padr\u00f5es arquitet\u00f4nicos criando desenhos geom\u00e9tricos<\/li>\n<li>Ruas irradiando de pra\u00e7as centrais<\/li>\n<li>Parques criando respiros verdes no concreto<\/li>\n<\/ul>\n<p>Padr\u00f5es arquitet\u00f4nicos urbanos criam arte involunt\u00e1ria que s\u00f3 perspectiva a\u00e9rea permite apreciar. Al\u00e9m disso, voos doors-off intensificam descobertas eliminando barreiras entre voc\u00ea e paisagem. Portanto, detalhes, texturas e nuances que vidros podem filtrar se revelam diretamente.<\/p>\n<h2>Conex\u00e3o Emocional no Voo Helic\u00f3ptero Rio Perspectiva<\/h2>\n<p>A experi\u00eancia emocional de contemplar o Rio das alturas transcende significativamente admira\u00e7\u00e3o terrestre. De fato, o <strong>voo helic\u00f3ptero Rio perspectiva<\/strong> funde todas as experi\u00eancias fragmentadas em emo\u00e7\u00e3o \u00fanica amplificada. Consequentemente, voc\u00ea n\u00e3o est\u00e1 apenas vendo a cidade, mas abra\u00e7ando-a visualmente por inteiro.<\/p>\n<p>Muitos passageiros relatam que perspectiva a\u00e9rea cria senso de propriedade emocional sobre cidade. Al\u00e9m disso, Rio n\u00e3o \u00e9 mais apenas destino visitado, mas parte da identidade pessoal profunda. Portanto, voc\u00ea marca mem\u00f3ria emocional de forma que turismo convencional n\u00e3o consegue.<\/p>\n<h2>Fotografia A\u00e9rea no Voo Helic\u00f3ptero Rio Perspectiva<\/h2>\n<p>A fotografia urbana do solo enfrenta limita\u00e7\u00f5es f\u00edsicas inevit\u00e1veis que frustram criatividade. De fato, o <strong>voo helic\u00f3ptero Rio perspectiva<\/strong> fotogr\u00e1fica elimina essas limita\u00e7\u00f5es completamente oferecendo liberdade. Consequentemente, cada \u00e2ngulo \u00e9 poss\u00edvel e cada composi\u00e7\u00e3o alcan\u00e7\u00e1vel para voc\u00ea capturar.<\/p>\n<p>Voc\u00ea pode isolar elementos espec\u00edficos da paisagem ou capturar panoramas de toda extens\u00e3o visual. Al\u00e9m disso, liberdade criativa \u00e9 absoluta sem edif\u00edcios bloqueando ou \u00e2ngulos restritos. Portanto, fotografias revelam composi\u00e7\u00f5es que posi\u00e7\u00f5es terrestres fixas jamais permitiriam.<\/p>\n<h2>Transforma\u00e7\u00e3o da Mem\u00f3ria no Voo Helic\u00f3ptero Rio Perspectiva<\/h2>\n<p>Ap\u00f3s experimentar o Rio das alturas, sua mem\u00f3ria da cidade transforma-se permanentemente de forma surpreendente. De fato, o <strong>voo helic\u00f3ptero Rio perspectiva<\/strong> cria compreens\u00e3o espacial que voc\u00ea carrega consigo caminhando. Consequentemente, cada rua e bairro conecta-se mentalmente com imagem a\u00e9rea completa.<\/p>\n<p>Essa transforma\u00e7\u00e3o cognitiva enriquece todas as experi\u00eancias terrestres futuras que voc\u00ea viver. Al\u00e9m disso, voc\u00ea n\u00e3o apenas visita lugares, mas compreende contexto urbano maior. Portanto, mapa mental tridimensional permanente torna cada descoberta mais rica.<\/p>\n<h2>Reserve Seu Voo Helic\u00f3ptero Rio Perspectiva Hoje<\/h2>\n<p>Descubra uma cidade completamente nova atrav\u00e9s da perspectiva revolucion\u00e1ria que apenas alturas oferecem. De fato, o <strong>voo helic\u00f3ptero Rio perspectiva<\/strong> transforma permanentemente sua rela\u00e7\u00e3o com a Cidade Maravilhosa. Consequentemente, a <strong>RIOCOPTER<\/strong> est\u00e1 pronta para revelar o Rio que voc\u00ea nunca viu.<\/p>\n<p>Agende seu voo panor\u00e2mico e experimente revolu\u00e7\u00e3o na compreens\u00e3o espacial e emocional. Portanto, entre em contato e descubra a cidade oculta que aguarda nas alturas.<\/p>\n<p>Em conclus\u00e3o, perspectiva a\u00e9rea revela belezas e conex\u00f5es invis\u00edveis do n\u00edvel do solo. Afinal, voc\u00ea merece conhecer o Rio de Janeiro em sua totalidade integrada!<\/p>\n<p>&nbsp;<\/p>\n","protected":false},"excerpt":{"rendered":"<p>Uma Perspectiva Revolucion\u00e1ria da Cidade: Voo Helic\u00f3ptero Rio Perspectiva Rio de Janeiro Visto de Cima &#8230; <a class=\"cz_readmore cz_readmore_no_icon\" href=\"https:\/\/www.riocopter.com.br\/blog\/rio-de-janeiro-visto-de-cima-versus-do-solo\/\"><span>Saiba Mais<\/span><\/a><\/p>\n","protected":false},"author":2,"featured_media":1525,"comment_status":"closed","ping_status":"closed","sticky":false,"template":"","format":"standard","meta":{"footnotes":""},"categories":[1],"tags":[165],"class_list":["post-1524","post","type-post","status-publish","format-standard","has-post-thumbnail","hentry","category-news","tag-rio-de-janeiro-visto-de-cima-versus-do-solo"],"yoast_head":"<!-- This site is optimized with the Yoast SEO Premium plugin v26.5 (Yoast SEO v27.5) - https:\/\/yoast.com\/product\/yoast-seo-premium-wordpress\/ -->\n<title>Rio de Janeiro Visto de Cima Versus do Solo | RIOCOPTER - Passeios de Helic\u00f3ptero<\/title>\n<meta name=\"robots\" content=\"index, follow, max-snippet:-1, max-image-preview:large, max-video-preview:-1\" \/>\n<link rel=\"canonical\" href=\"https:\/\/www.riocopter.com.br\/blog\/rio-de-janeiro-visto-de-cima-versus-do-solo\/\" \/>\n<meta property=\"og:locale\" content=\"pt_BR\" \/>\n<meta property=\"og:type\" content=\"article\" \/>\n<meta property=\"og:title\" content=\"Rio de Janeiro Visto de Cima Versus do Solo\" \/>\n<meta property=\"og:description\" content=\"Uma Perspectiva Revolucion\u00e1ria da Cidade: Voo Helic\u00f3ptero Rio Perspectiva Rio de Janeiro Visto de Cima ... Saiba Mais\" \/>\n<meta property=\"og:url\" content=\"https:\/\/www.riocopter.com.br\/blog\/rio-de-janeiro-visto-de-cima-versus-do-solo\/\" \/>\n<meta property=\"og:site_name\" content=\"RIOCOPTER - Passeios de Helic\u00f3ptero\" \/>\n<meta property=\"article:published_time\" content=\"2025-09-06T13:02:29+00:00\" \/>\n<meta property=\"article:modified_time\" content=\"2025-12-17T22:42:25+00:00\" \/>\n<meta property=\"og:image\" content=\"https:\/\/www.riocopter.com.br\/blog\/wp-content\/uploads\/2025\/09\/nnnnnn.jpg\" \/>\n\t<meta property=\"og:image:width\" content=\"1000\" \/>\n\t<meta property=\"og:image:height\" content=\"430\" \/>\n\t<meta property=\"og:image:type\" content=\"image\/jpeg\" \/>\n<meta name=\"twitter:label1\" content=\"Escrito por\" \/>\n\t<meta name=\"twitter:data1\" content=\"\" \/>\n\t<meta name=\"twitter:label2\" content=\"Est. tempo de leitura\" \/>\n\t<meta name=\"twitter:data2\" content=\"5 minutos\" \/>\n<script type=\"application\/ld+json\" class=\"yoast-schema-graph\">{\"@context\":\"https:\\\/\\\/schema.org\",\"@graph\":[{\"@type\":\"Article\",\"@id\":\"https:\\\/\\\/www.riocopter.com.br\\\/blog\\\/rio-de-janeiro-visto-de-cima-versus-do-solo\\\/#article\",\"isPartOf\":{\"@id\":\"https:\\\/\\\/www.riocopter.com.br\\\/blog\\\/rio-de-janeiro-visto-de-cima-versus-do-solo\\\/\"},\"author\":{\"name\":\"\",\"@id\":\"\"},\"headline\":\"Rio de Janeiro Visto de Cima Versus do Solo\",\"datePublished\":\"2025-09-06T13:02:29+00:00\",\"dateModified\":\"2025-12-17T22:42:25+00:00\",\"mainEntityOfPage\":{\"@id\":\"https:\\\/\\\/www.riocopter.com.br\\\/blog\\\/rio-de-janeiro-visto-de-cima-versus-do-solo\\\/\"},\"wordCount\":900,\"publisher\":{\"@id\":\"https:\\\/\\\/www.riocopter.com.br\\\/blog\\\/#organization\"},\"image\":{\"@id\":\"https:\\\/\\\/www.riocopter.com.br\\\/blog\\\/rio-de-janeiro-visto-de-cima-versus-do-solo\\\/#primaryimage\"},\"thumbnailUrl\":\"https:\\\/\\\/www.riocopter.com.br\\\/blog\\\/wp-content\\\/uploads\\\/2025\\\/09\\\/nnnnnn.jpg\",\"keywords\":[\"Rio de Janeiro Visto de Cima Versus do Solo\"],\"articleSection\":[\"News\"],\"inLanguage\":\"pt-BR\"},{\"@type\":\"WebPage\",\"@id\":\"https:\\\/\\\/www.riocopter.com.br\\\/blog\\\/rio-de-janeiro-visto-de-cima-versus-do-solo\\\/\",\"url\":\"https:\\\/\\\/www.riocopter.com.br\\\/blog\\\/rio-de-janeiro-visto-de-cima-versus-do-solo\\\/\",\"name\":\"Rio de Janeiro Visto de Cima Versus do Solo | RIOCOPTER - Passeios de Helic\u00f3ptero\",\"isPartOf\":{\"@id\":\"https:\\\/\\\/www.riocopter.com.br\\\/blog\\\/#website\"},\"primaryImageOfPage\":{\"@id\":\"https:\\\/\\\/www.riocopter.com.br\\\/blog\\\/rio-de-janeiro-visto-de-cima-versus-do-solo\\\/#primaryimage\"},\"image\":{\"@id\":\"https:\\\/\\\/www.riocopter.com.br\\\/blog\\\/rio-de-janeiro-visto-de-cima-versus-do-solo\\\/#primaryimage\"},\"thumbnailUrl\":\"https:\\\/\\\/www.riocopter.com.br\\\/blog\\\/wp-content\\\/uploads\\\/2025\\\/09\\\/nnnnnn.jpg\",\"datePublished\":\"2025-09-06T13:02:29+00:00\",\"dateModified\":\"2025-12-17T22:42:25+00:00\",\"breadcrumb\":{\"@id\":\"https:\\\/\\\/www.riocopter.com.br\\\/blog\\\/rio-de-janeiro-visto-de-cima-versus-do-solo\\\/#breadcrumb\"},\"inLanguage\":\"pt-BR\",\"potentialAction\":[{\"@type\":\"ReadAction\",\"target\":[\"https:\\\/\\\/www.riocopter.com.br\\\/blog\\\/rio-de-janeiro-visto-de-cima-versus-do-solo\\\/\"]}]},{\"@type\":\"ImageObject\",\"inLanguage\":\"pt-BR\",\"@id\":\"https:\\\/\\\/www.riocopter.com.br\\\/blog\\\/rio-de-janeiro-visto-de-cima-versus-do-solo\\\/#primaryimage\",\"url\":\"https:\\\/\\\/www.riocopter.com.br\\\/blog\\\/wp-content\\\/uploads\\\/2025\\\/09\\\/nnnnnn.jpg\",\"contentUrl\":\"https:\\\/\\\/www.riocopter.com.br\\\/blog\\\/wp-content\\\/uploads\\\/2025\\\/09\\\/nnnnnn.jpg\",\"width\":1000,\"height\":430,\"caption\":\"Corporate Tourism in Rio: Impress Clients and Partners with Exclusive Air Travel Experiences\"},{\"@type\":\"BreadcrumbList\",\"@id\":\"https:\\\/\\\/www.riocopter.com.br\\\/blog\\\/rio-de-janeiro-visto-de-cima-versus-do-solo\\\/#breadcrumb\",\"itemListElement\":[{\"@type\":\"ListItem\",\"position\":1,\"name\":\"In\u00edcio\",\"item\":\"https:\\\/\\\/www.riocopter.com.br\\\/blog\\\/\"},{\"@type\":\"ListItem\",\"position\":2,\"name\":\"Rio de Janeiro Visto de Cima Versus do Solo\"}]},{\"@type\":\"WebSite\",\"@id\":\"https:\\\/\\\/www.riocopter.com.br\\\/blog\\\/#website\",\"url\":\"https:\\\/\\\/www.riocopter.com.br\\\/blog\\\/\",\"name\":\"RIOCOPTER - Passeio de Helic\u00f3ptero\",\"description\":\"Passeio de Helic\u00f3ptero\",\"publisher\":{\"@id\":\"https:\\\/\\\/www.riocopter.com.br\\\/blog\\\/#organization\"},\"alternateName\":\"RIOCOPTER\",\"potentialAction\":[{\"@type\":\"SearchAction\",\"target\":{\"@type\":\"EntryPoint\",\"urlTemplate\":\"https:\\\/\\\/www.riocopter.com.br\\\/blog\\\/?s={search_term_string}\"},\"query-input\":{\"@type\":\"PropertyValueSpecification\",\"valueRequired\":true,\"valueName\":\"search_term_string\"}}],\"inLanguage\":\"pt-BR\"},{\"@type\":\"Organization\",\"@id\":\"https:\\\/\\\/www.riocopter.com.br\\\/blog\\\/#organization\",\"name\":\"RIOCOPTER - Passeios de Helic\u00f3ptero\",\"url\":\"https:\\\/\\\/www.riocopter.com.br\\\/blog\\\/\",\"logo\":{\"@type\":\"ImageObject\",\"inLanguage\":\"pt-BR\",\"@id\":\"https:\\\/\\\/www.riocopter.com.br\\\/blog\\\/#\\\/schema\\\/logo\\\/image\\\/\",\"url\":\"https:\\\/\\\/www.riocopter.com.br\\\/blog\\\/wp-content\\\/uploads\\\/2025\\\/06\\\/Logo_header.png\",\"contentUrl\":\"https:\\\/\\\/www.riocopter.com.br\\\/blog\\\/wp-content\\\/uploads\\\/2025\\\/06\\\/Logo_header.png\",\"width\":550,\"height\":128,\"caption\":\"RIOCOPTER - Passeios de Helic\u00f3ptero\"},\"image\":{\"@id\":\"https:\\\/\\\/www.riocopter.com.br\\\/blog\\\/#\\\/schema\\\/logo\\\/image\\\/\"},\"sameAs\":[\"https:\\\/\\\/www.instagram.com\\\/riocopteroficial\\\/\"]},{\"@type\":\"Person\",\"@id\":\"\"}]}<\/script>\n<!-- \/ Yoast SEO Premium plugin. -->","yoast_head_json":{"title":"Rio de Janeiro Visto de Cima Versus do Solo | RIOCOPTER - Passeios de Helic\u00f3ptero","robots":{"index":"index","follow":"follow","max-snippet":"max-snippet:-1","max-image-preview":"max-image-preview:large","max-video-preview":"max-video-preview:-1"},"canonical":"https:\/\/www.riocopter.com.br\/blog\/rio-de-janeiro-visto-de-cima-versus-do-solo\/","og_locale":"pt_BR","og_type":"article","og_title":"Rio de Janeiro Visto de Cima Versus do Solo","og_description":"Uma Perspectiva Revolucion\u00e1ria da Cidade: Voo Helic\u00f3ptero Rio Perspectiva Rio de Janeiro Visto de Cima ... Saiba Mais","og_url":"https:\/\/www.riocopter.com.br\/blog\/rio-de-janeiro-visto-de-cima-versus-do-solo\/","og_site_name":"RIOCOPTER - Passeios de Helic\u00f3ptero","article_published_time":"2025-09-06T13:02:29+00:00","article_modified_time":"2025-12-17T22:42:25+00:00","og_image":[{"width":1000,"height":430,"url":"https:\/\/www.riocopter.com.br\/blog\/wp-content\/uploads\/2025\/09\/nnnnnn.jpg","type":"image\/jpeg"}],"twitter_misc":{"Escrito por":"","Est. tempo de leitura":"5 minutos"},"schema":{"@context":"https:\/\/schema.org","@graph":[{"@type":"Article","@id":"https:\/\/www.riocopter.com.br\/blog\/rio-de-janeiro-visto-de-cima-versus-do-solo\/#article","isPartOf":{"@id":"https:\/\/www.riocopter.com.br\/blog\/rio-de-janeiro-visto-de-cima-versus-do-solo\/"},"author":{"name":"","@id":""},"headline":"Rio de Janeiro Visto de Cima Versus do Solo","datePublished":"2025-09-06T13:02:29+00:00","dateModified":"2025-12-17T22:42:25+00:00","mainEntityOfPage":{"@id":"https:\/\/www.riocopter.com.br\/blog\/rio-de-janeiro-visto-de-cima-versus-do-solo\/"},"wordCount":900,"publisher":{"@id":"https:\/\/www.riocopter.com.br\/blog\/#organization"},"image":{"@id":"https:\/\/www.riocopter.com.br\/blog\/rio-de-janeiro-visto-de-cima-versus-do-solo\/#primaryimage"},"thumbnailUrl":"https:\/\/www.riocopter.com.br\/blog\/wp-content\/uploads\/2025\/09\/nnnnnn.jpg","keywords":["Rio de Janeiro Visto de Cima Versus do Solo"],"articleSection":["News"],"inLanguage":"pt-BR"},{"@type":"WebPage","@id":"https:\/\/www.riocopter.com.br\/blog\/rio-de-janeiro-visto-de-cima-versus-do-solo\/","url":"https:\/\/www.riocopter.com.br\/blog\/rio-de-janeiro-visto-de-cima-versus-do-solo\/","name":"Rio de Janeiro Visto de Cima Versus do Solo | RIOCOPTER - Passeios de Helic\u00f3ptero","isPartOf":{"@id":"https:\/\/www.riocopter.com.br\/blog\/#website"},"primaryImageOfPage":{"@id":"https:\/\/www.riocopter.com.br\/blog\/rio-de-janeiro-visto-de-cima-versus-do-solo\/#primaryimage"},"image":{"@id":"https:\/\/www.riocopter.com.br\/blog\/rio-de-janeiro-visto-de-cima-versus-do-solo\/#primaryimage"},"thumbnailUrl":"https:\/\/www.riocopter.com.br\/blog\/wp-content\/uploads\/2025\/09\/nnnnnn.jpg","datePublished":"2025-09-06T13:02:29+00:00","dateModified":"2025-12-17T22:42:25+00:00","breadcrumb":{"@id":"https:\/\/www.riocopter.com.br\/blog\/rio-de-janeiro-visto-de-cima-versus-do-solo\/#breadcrumb"},"inLanguage":"pt-BR","potentialAction":[{"@type":"ReadAction","target":["https:\/\/www.riocopter.com.br\/blog\/rio-de-janeiro-visto-de-cima-versus-do-solo\/"]}]},{"@type":"ImageObject","inLanguage":"pt-BR","@id":"https:\/\/www.riocopter.com.br\/blog\/rio-de-janeiro-visto-de-cima-versus-do-solo\/#primaryimage","url":"https:\/\/www.riocopter.com.br\/blog\/wp-content\/uploads\/2025\/09\/nnnnnn.jpg","contentUrl":"https:\/\/www.riocopter.com.br\/blog\/wp-content\/uploads\/2025\/09\/nnnnnn.jpg","width":1000,"height":430,"caption":"Corporate Tourism in Rio: Impress Clients and Partners with Exclusive Air Travel Experiences"},{"@type":"BreadcrumbList","@id":"https:\/\/www.riocopter.com.br\/blog\/rio-de-janeiro-visto-de-cima-versus-do-solo\/#breadcrumb","itemListElement":[{"@type":"ListItem","position":1,"name":"In\u00edcio","item":"https:\/\/www.riocopter.com.br\/blog\/"},{"@type":"ListItem","position":2,"name":"Rio de Janeiro Visto de Cima Versus do Solo"}]},{"@type":"WebSite","@id":"https:\/\/www.riocopter.com.br\/blog\/#website","url":"https:\/\/www.riocopter.com.br\/blog\/","name":"RIOCOPTER - Passeio de Helic\u00f3ptero","description":"Passeio de Helic\u00f3ptero","publisher":{"@id":"https:\/\/www.riocopter.com.br\/blog\/#organization"},"alternateName":"RIOCOPTER","potentialAction":[{"@type":"SearchAction","target":{"@type":"EntryPoint","urlTemplate":"https:\/\/www.riocopter.com.br\/blog\/?s={search_term_string}"},"query-input":{"@type":"PropertyValueSpecification","valueRequired":true,"valueName":"search_term_string"}}],"inLanguage":"pt-BR"},{"@type":"Organization","@id":"https:\/\/www.riocopter.com.br\/blog\/#organization","name":"RIOCOPTER - Passeios de Helic\u00f3ptero","url":"https:\/\/www.riocopter.com.br\/blog\/","logo":{"@type":"ImageObject","inLanguage":"pt-BR","@id":"https:\/\/www.riocopter.com.br\/blog\/#\/schema\/logo\/image\/","url":"https:\/\/www.riocopter.com.br\/blog\/wp-content\/uploads\/2025\/06\/Logo_header.png","contentUrl":"https:\/\/www.riocopter.com.br\/blog\/wp-content\/uploads\/2025\/06\/Logo_header.png","width":550,"height":128,"caption":"RIOCOPTER - Passeios de Helic\u00f3ptero"},"image":{"@id":"https:\/\/www.riocopter.com.br\/blog\/#\/schema\/logo\/image\/"},"sameAs":["https:\/\/www.instagram.com\/riocopteroficial\/"]},{"@type":"Person","@id":""}]}},"_links":{"self":[{"href":"https:\/\/www.riocopter.com.br\/blog\/wp-json\/wp\/v2\/posts\/1524","targetHints":{"allow":["GET"]}}],"collection":[{"href":"https:\/\/www.riocopter.com.br\/blog\/wp-json\/wp\/v2\/posts"}],"about":[{"href":"https:\/\/www.riocopter.com.br\/blog\/wp-json\/wp\/v2\/types\/post"}],"author":[{"embeddable":true,"href":"https:\/\/www.riocopter.com.br\/blog\/wp-json\/wp\/v2\/users\/2"}],"replies":[{"embeddable":true,"href":"https:\/\/www.riocopter.com.br\/blog\/wp-json\/wp\/v2\/comments?post=1524"}],"version-history":[{"count":0,"href":"https:\/\/www.riocopter.com.br\/blog\/wp-json\/wp\/v2\/posts\/1524\/revisions"}],"wp:featuredmedia":[{"embeddable":true,"href":"https:\/\/www.riocopter.com.br\/blog\/wp-json\/wp\/v2\/media\/1525"}],"wp:attachment":[{"href":"https:\/\/www.riocopter.com.br\/blog\/wp-json\/wp\/v2\/media?parent=1524"}],"wp:term":[{"taxonomy":"category","embeddable":true,"href":"https:\/\/www.riocopter.com.br\/blog\/wp-json\/wp\/v2\/categories?post=1524"},{"taxonomy":"post_tag","embeddable":true,"href":"https:\/\/www.riocopter.com.br\/blog\/wp-json\/wp\/v2\/tags?post=1524"}],"curies":[{"name":"wp","href":"https:\/\/api.w.org\/{rel}","templated":true}]}}