{"id":1521,"date":"2025-09-06T12:57:43","date_gmt":"2025-09-06T12:57:43","guid":{"rendered":"https:\/\/www.riocopter.com.br\/blog\/?p=1521"},"modified":"2025-12-17T23:06:51","modified_gmt":"2025-12-17T23:06:51","slug":"voo-de-helicoptero-em-familia","status":"publish","type":"post","link":"https:\/\/www.riocopter.com.br\/blog\/voo-de-helicoptero-em-familia\/","title":{"rendered":"Voo de Helic\u00f3ptero em Fam\u00edlia"},"content":{"rendered":"<h1>Criando Mem\u00f3rias Inesquec\u00edveis Juntos: Voo Helic\u00f3ptero Rio Fam\u00edlia<\/h1>\n<p>Voo de Helic\u00f3ptero em Fam\u00edlia. O <strong>voo helic\u00f3ptero Rio fam\u00edlia<\/strong> transcende o simples passeio tur\u00edstico transformando-se em conex\u00e3o profunda. De fato, compartilhar voo panor\u00e2mico com a fam\u00edlia fortalece la\u00e7os atrav\u00e9s de aventura compartilhada. Consequentemente, voar sobre o Rio de Janeiro cria mem\u00f3rias coletivas que se tornam parte da hist\u00f3ria familiar. Portanto, hist\u00f3rias que ser\u00e3o contadas e recontadas por gera\u00e7\u00f5es nascem nessa experi\u00eancia<a href=\"https:\/\/www.riocopter.com.br\/\">.<\/a><\/p>\n<p>A experi\u00eancia de descobrir juntos a Cidade Maravilhosa das alturas cria momentos \u00fanicos. De fato, testemunhar express\u00f5es de espanto nos rostos dos filhos captura pureza da descoberta. Consequentemente, sorrisos espont\u00e2neos e exclama\u00e7\u00f5es de admira\u00e7\u00e3o renovam olhar dos adultos<a href=\"https:\/\/www.instagram.com\/riocopteroficial\/\" target=\"_blank\" rel=\"noopener\">.<\/a><\/p>\n<h2>Magia de Descobrir no Voo Helic\u00f3ptero Rio Fam\u00edlia<\/h2>\n<p>Existe algo profundamente especial em ver olhos arregalados quando a aeronave se eleva revelando tudo. De fato, o <strong>voo helic\u00f3ptero Rio fam\u00edlia<\/strong> transforma conceitos abstratos de geografia em realidade tang\u00edvel para crian\u00e7as. Consequentemente, praias que conheciam apenas como destinos revelam-se como faixas douradas na costa<a href=\"https:\/\/www.riocopter.com.br\/blog\/voos-panoramicos-como-terapia-natural-revolucionando-o-tratamento-de-ansiedade-e-depressao\/\" target=\"_blank\" rel=\"noopener\">.<\/a><\/p>\n<p>O que cada faixa et\u00e1ria experimenta:<\/p>\n<ul>\n<li>Crian\u00e7as: aventura quase m\u00e1gica e descoberta pura<\/li>\n<li>Adolescentes: interesse por fotografia e geografia<\/li>\n<li>Adultos: renova\u00e7\u00e3o do olhar sobre beleza<\/li>\n<li>Av\u00f3s: conex\u00e3o entre mem\u00f3rias e presente<\/li>\n<\/ul>\n<p>Montanhas ganham dimens\u00e3o tridimensional real que livros nunca proporcionaram \u00e0s crian\u00e7as. Al\u00e9m disso, adolescentes dif\u00edceis de impressionar descobrem-se genuinamente fascinados pela experi\u00eancia. Portanto, jovens inicialmente relutantes transformam-se em entusiastas durante o voo.<\/p>\n<p>A <strong>RIOCOPTER<\/strong> especializa-se em proporcionar experi\u00eancias familiares memor\u00e1veis para todas as idades. De fato, realizamos voos panor\u00e2micos com ou sem portas adaptados \u00e0s necessidades familiares.<\/p>\n<h2>Fortalecendo V\u00ednculos no Voo Helic\u00f3ptero Rio Fam\u00edlia<\/h2>\n<p>A experi\u00eancia a\u00e9rea cria terreno neutro onde diferen\u00e7as geracionais se dissolvem temporariamente. De fato, o <strong>voo helic\u00f3ptero Rio fam\u00edlia<\/strong> une av\u00f3s, pais e filhos compartilhando admira\u00e7\u00e3o simultaneamente. Consequentemente, conversas fluem naturalmente pontuadas por descobertas visuais que todos experimentam juntos.<\/p>\n<p>Durante o voo, fam\u00edlias frequentemente descobrem aspectos novos uns dos outros surpreendentemente. Al\u00e9m disso, pai cauteloso revela-se aventureiro enquanto filhos demonstram maturidade inesperada. Portanto, momentos de revela\u00e7\u00e3o fortalecem compreens\u00e3o m\u00fatua e criam bases para relacionamentos profundos.<\/p>\n<h2>Educa\u00e7\u00e3o Visual no Voo Helic\u00f3ptero Rio Fam\u00edlia<\/h2>\n<p>O voo transforma-se naturalmente em aula de geografia, hist\u00f3ria e ci\u00eancias sociais envolvente. De fato, o <strong>voo helic\u00f3ptero Rio fam\u00edlia<\/strong> permite que crian\u00e7as visualizem conceitos anteriormente apenas te\u00f3ricos. Consequentemente, separa\u00e7\u00e3o entre Zona Norte e Sul ganha significado visual concreto para todos.<\/p>\n<p>Pais descobrem oportunidades educacionais ricas explicando como montanhas influenciam clima local. Al\u00e9m disso, como oceano moldou geografia e arquitetura reflete per\u00edodos hist\u00f3ricos se torna evidente. Portanto, experi\u00eancia se transforma em aprendizado multidisciplinar fascinante para fam\u00edlia inteira.<\/p>\n<h2>Adapta\u00e7\u00f5es Por Idade no Voo Helic\u00f3ptero Rio Fam\u00edlia<\/h2>\n<p>Fam\u00edlias com crian\u00e7as pequenas descobrem que experi\u00eancia de voo \u00e9 surpreendentemente adequada. De fato, o <strong>voo helic\u00f3ptero Rio fam\u00edlia<\/strong> com pequenos oferece movimento suave que frequentemente acalma ansiosos. Consequentemente, novidade visual mant\u00e9m aten\u00e7\u00e3o completamente focada enquanto pilotos adaptam explica\u00e7\u00f5es.<\/p>\n<p>Adapta\u00e7\u00f5es para diferentes idades:<\/p>\n<ul>\n<li>Crian\u00e7as pequenas: movimento suave que acalma<\/li>\n<li>Crian\u00e7as maiores: explica\u00e7\u00f5es acess\u00edveis e envolventes<\/li>\n<li>Adolescentes: foco em fotografia e aventura<\/li>\n<li>Av\u00f3s: ritmo adequado e conforto maximizado<\/li>\n<\/ul>\n<p>Para fam\u00edlias multigeracionais incluindo av\u00f3s, voo oferece oportunidade \u00fanica de compartilhar perspectivas. Al\u00e9m disso, av\u00f3s apontam transforma\u00e7\u00f5es urbanas enquanto netos observam com olhos contempor\u00e2neos. Portanto, troca intergeracional enriquece enormemente experi\u00eancia coletiva.<\/p>\n<h2>Tradi\u00e7\u00f5es Familiares no Voo Helic\u00f3ptero Rio Fam\u00edlia<\/h2>\n<p>Muitas fam\u00edlias descobrem que voo panor\u00e2mico se torna tradi\u00e7\u00e3o especial para celebra\u00e7\u00f5es importantes. De fato, o <strong>voo helic\u00f3ptero Rio fam\u00edlia<\/strong> transforma anivers\u00e1rios, formaturas e reuni\u00f5es em momentos especiais. Consequentemente, eventos familiares s\u00e3o referenciados como &#8220;antes&#8221; ou &#8220;depois&#8221; do voo por anos.<\/p>\n<p>A experi\u00eancia tamb\u00e9m se torna marco temporal na mem\u00f3ria familiar para todas gera\u00e7\u00f5es. Al\u00e9m disso, fotografias a\u00e9reas familiares adornam paredes e \u00e1lbuns como lembran\u00e7a visual. Portanto, voc\u00ea cria momentos de uni\u00e3o e aventura que decoram sua hist\u00f3ria familiar.<\/p>\n<h2>Documenta\u00e7\u00e3o Familiar no Voo Helic\u00f3ptero Rio Fam\u00edlia<\/h2>\n<p>A documenta\u00e7\u00e3o fotogr\u00e1fica do voo familiar cria arquivo visual precioso que cresce em valor. De fato, o <strong>voo helic\u00f3ptero Rio fam\u00edlia<\/strong> captura filhos pequenos maravilhados, express\u00f5es de surpresa e conversas espont\u00e2neas. Consequentemente, tudo isso se torna patrim\u00f4nio emocional da fam\u00edlia para sempre.<\/p>\n<p>Para fam\u00edlias que optam por voos doors-off, liberdade fotogr\u00e1fica permite momentos ainda mais aut\u00eanticos. Al\u00e9m disso, aus\u00eancia de barreiras visuais facilita fotografias com composi\u00e7\u00f5es imposs\u00edveis de outra forma. Portanto, voc\u00ea documenta sua fam\u00edlia de forma \u00fanica e envolvente.<\/p>\n<h2>Reserve Seu Voo Helic\u00f3ptero Rio Fam\u00edlia Hoje<\/h2>\n<p>Crie mem\u00f3rias coletivas que se tornar\u00e3o parte da hist\u00f3ria familiar para gera\u00e7\u00f5es futuras. De fato, o <strong>voo helic\u00f3ptero Rio fam\u00edlia<\/strong> fortalece v\u00ednculos atrav\u00e9s de aventura compartilhada \u00fanica. Consequentemente, a <strong>RIOCOPTER<\/strong> est\u00e1 pronta para proporcionar experi\u00eancia familiar inesquec\u00edvel.<\/p>\n<p>Agende seu voo panor\u00e2mico e descubra como aventura compartilhada transforma sua fam\u00edlia. Portanto, entre em contato e crie tradi\u00e7\u00f5es que ser\u00e3o contadas por gera\u00e7\u00f5es.<\/p>\n<p>Em conclus\u00e3o, voar juntos sobre a Cidade Maravilhosa une gera\u00e7\u00f5es atrav\u00e9s de admira\u00e7\u00e3o compartilhada. Afinal, sua fam\u00edlia merece experi\u00eancia que fortalece la\u00e7os e cria hist\u00f3rias eternas!<\/p>\n<p>&nbsp;<\/p>\n","protected":false},"excerpt":{"rendered":"<p>Criando Mem\u00f3rias Inesquec\u00edveis Juntos: Voo Helic\u00f3ptero Rio Fam\u00edlia Voo de Helic\u00f3ptero em Fam\u00edlia. O voo &#8230; <a class=\"cz_readmore cz_readmore_no_icon\" href=\"https:\/\/www.riocopter.com.br\/blog\/voo-de-helicoptero-em-familia\/\"><span>Saiba Mais<\/span><\/a><\/p>\n","protected":false},"author":2,"featured_media":1522,"comment_status":"closed","ping_status":"closed","sticky":false,"template":"","format":"standard","meta":{"footnotes":""},"categories":[60],"tags":[166],"class_list":["post-1521","post","type-post","status-publish","format-standard","has-post-thumbnail","hentry","category-saiba-mais","tag-voo-de-helicoptero-em-familia"],"yoast_head":"<!-- This site is optimized with the Yoast SEO Premium plugin v26.5 (Yoast SEO v27.5) - https:\/\/yoast.com\/product\/yoast-seo-premium-wordpress\/ -->\n<title>Voo de Helic\u00f3ptero em Fam\u00edlia | RIOCOPTER - Passeios de Helic\u00f3ptero<\/title>\n<meta name=\"robots\" content=\"index, follow, max-snippet:-1, max-image-preview:large, max-video-preview:-1\" \/>\n<link rel=\"canonical\" href=\"https:\/\/www.riocopter.com.br\/blog\/voo-de-helicoptero-em-familia\/\" \/>\n<meta property=\"og:locale\" content=\"pt_BR\" \/>\n<meta property=\"og:type\" content=\"article\" \/>\n<meta property=\"og:title\" content=\"Voo de Helic\u00f3ptero em Fam\u00edlia\" \/>\n<meta property=\"og:description\" content=\"Criando Mem\u00f3rias Inesquec\u00edveis Juntos: Voo Helic\u00f3ptero Rio Fam\u00edlia Voo de Helic\u00f3ptero em Fam\u00edlia. O voo ... Saiba Mais\" \/>\n<meta property=\"og:url\" content=\"https:\/\/www.riocopter.com.br\/blog\/voo-de-helicoptero-em-familia\/\" \/>\n<meta property=\"og:site_name\" content=\"RIOCOPTER - Passeios de Helic\u00f3ptero\" \/>\n<meta property=\"article:published_time\" content=\"2025-09-06T12:57:43+00:00\" \/>\n<meta property=\"article:modified_time\" content=\"2025-12-17T23:06:51+00:00\" \/>\n<meta property=\"og:image\" content=\"https:\/\/www.riocopter.com.br\/blog\/wp-content\/uploads\/2025\/09\/mmmmmmm.jpg\" \/>\n\t<meta property=\"og:image:width\" content=\"1000\" \/>\n\t<meta property=\"og:image:height\" content=\"430\" \/>\n\t<meta property=\"og:image:type\" content=\"image\/jpeg\" \/>\n<meta name=\"twitter:label1\" content=\"Escrito por\" \/>\n\t<meta name=\"twitter:data1\" content=\"\" \/>\n\t<meta name=\"twitter:label2\" content=\"Est. tempo de leitura\" \/>\n\t<meta name=\"twitter:data2\" content=\"5 minutos\" \/>\n<script type=\"application\/ld+json\" class=\"yoast-schema-graph\">{\"@context\":\"https:\\\/\\\/schema.org\",\"@graph\":[{\"@type\":\"Article\",\"@id\":\"https:\\\/\\\/www.riocopter.com.br\\\/blog\\\/voo-de-helicoptero-em-familia\\\/#article\",\"isPartOf\":{\"@id\":\"https:\\\/\\\/www.riocopter.com.br\\\/blog\\\/voo-de-helicoptero-em-familia\\\/\"},\"author\":{\"name\":\"\",\"@id\":\"\"},\"headline\":\"Voo de Helic\u00f3ptero em Fam\u00edlia\",\"datePublished\":\"2025-09-06T12:57:43+00:00\",\"dateModified\":\"2025-12-17T23:06:51+00:00\",\"mainEntityOfPage\":{\"@id\":\"https:\\\/\\\/www.riocopter.com.br\\\/blog\\\/voo-de-helicoptero-em-familia\\\/\"},\"wordCount\":960,\"publisher\":{\"@id\":\"https:\\\/\\\/www.riocopter.com.br\\\/blog\\\/#organization\"},\"image\":{\"@id\":\"https:\\\/\\\/www.riocopter.com.br\\\/blog\\\/voo-de-helicoptero-em-familia\\\/#primaryimage\"},\"thumbnailUrl\":\"https:\\\/\\\/www.riocopter.com.br\\\/blog\\\/wp-content\\\/uploads\\\/2025\\\/09\\\/mmmmmmm.jpg\",\"keywords\":[\"Voo de Helic\u00f3ptero em Fam\u00edlia\"],\"articleSection\":[\"Saiba Mais...\"],\"inLanguage\":\"pt-BR\"},{\"@type\":\"WebPage\",\"@id\":\"https:\\\/\\\/www.riocopter.com.br\\\/blog\\\/voo-de-helicoptero-em-familia\\\/\",\"url\":\"https:\\\/\\\/www.riocopter.com.br\\\/blog\\\/voo-de-helicoptero-em-familia\\\/\",\"name\":\"Voo de Helic\u00f3ptero em Fam\u00edlia | RIOCOPTER - Passeios de Helic\u00f3ptero\",\"isPartOf\":{\"@id\":\"https:\\\/\\\/www.riocopter.com.br\\\/blog\\\/#website\"},\"primaryImageOfPage\":{\"@id\":\"https:\\\/\\\/www.riocopter.com.br\\\/blog\\\/voo-de-helicoptero-em-familia\\\/#primaryimage\"},\"image\":{\"@id\":\"https:\\\/\\\/www.riocopter.com.br\\\/blog\\\/voo-de-helicoptero-em-familia\\\/#primaryimage\"},\"thumbnailUrl\":\"https:\\\/\\\/www.riocopter.com.br\\\/blog\\\/wp-content\\\/uploads\\\/2025\\\/09\\\/mmmmmmm.jpg\",\"datePublished\":\"2025-09-06T12:57:43+00:00\",\"dateModified\":\"2025-12-17T23:06:51+00:00\",\"breadcrumb\":{\"@id\":\"https:\\\/\\\/www.riocopter.com.br\\\/blog\\\/voo-de-helicoptero-em-familia\\\/#breadcrumb\"},\"inLanguage\":\"pt-BR\",\"potentialAction\":[{\"@type\":\"ReadAction\",\"target\":[\"https:\\\/\\\/www.riocopter.com.br\\\/blog\\\/voo-de-helicoptero-em-familia\\\/\"]}]},{\"@type\":\"ImageObject\",\"inLanguage\":\"pt-BR\",\"@id\":\"https:\\\/\\\/www.riocopter.com.br\\\/blog\\\/voo-de-helicoptero-em-familia\\\/#primaryimage\",\"url\":\"https:\\\/\\\/www.riocopter.com.br\\\/blog\\\/wp-content\\\/uploads\\\/2025\\\/09\\\/mmmmmmm.jpg\",\"contentUrl\":\"https:\\\/\\\/www.riocopter.com.br\\\/blog\\\/wp-content\\\/uploads\\\/2025\\\/09\\\/mmmmmmm.jpg\",\"width\":1000,\"height\":430},{\"@type\":\"BreadcrumbList\",\"@id\":\"https:\\\/\\\/www.riocopter.com.br\\\/blog\\\/voo-de-helicoptero-em-familia\\\/#breadcrumb\",\"itemListElement\":[{\"@type\":\"ListItem\",\"position\":1,\"name\":\"In\u00edcio\",\"item\":\"https:\\\/\\\/www.riocopter.com.br\\\/blog\\\/\"},{\"@type\":\"ListItem\",\"position\":2,\"name\":\"Voo de Helic\u00f3ptero em Fam\u00edlia\"}]},{\"@type\":\"WebSite\",\"@id\":\"https:\\\/\\\/www.riocopter.com.br\\\/blog\\\/#website\",\"url\":\"https:\\\/\\\/www.riocopter.com.br\\\/blog\\\/\",\"name\":\"RIOCOPTER - Passeio de Helic\u00f3ptero\",\"description\":\"Passeio de Helic\u00f3ptero\",\"publisher\":{\"@id\":\"https:\\\/\\\/www.riocopter.com.br\\\/blog\\\/#organization\"},\"alternateName\":\"RIOCOPTER\",\"potentialAction\":[{\"@type\":\"SearchAction\",\"target\":{\"@type\":\"EntryPoint\",\"urlTemplate\":\"https:\\\/\\\/www.riocopter.com.br\\\/blog\\\/?s={search_term_string}\"},\"query-input\":{\"@type\":\"PropertyValueSpecification\",\"valueRequired\":true,\"valueName\":\"search_term_string\"}}],\"inLanguage\":\"pt-BR\"},{\"@type\":\"Organization\",\"@id\":\"https:\\\/\\\/www.riocopter.com.br\\\/blog\\\/#organization\",\"name\":\"RIOCOPTER - Passeios de Helic\u00f3ptero\",\"url\":\"https:\\\/\\\/www.riocopter.com.br\\\/blog\\\/\",\"logo\":{\"@type\":\"ImageObject\",\"inLanguage\":\"pt-BR\",\"@id\":\"https:\\\/\\\/www.riocopter.com.br\\\/blog\\\/#\\\/schema\\\/logo\\\/image\\\/\",\"url\":\"https:\\\/\\\/www.riocopter.com.br\\\/blog\\\/wp-content\\\/uploads\\\/2025\\\/06\\\/Logo_header.png\",\"contentUrl\":\"https:\\\/\\\/www.riocopter.com.br\\\/blog\\\/wp-content\\\/uploads\\\/2025\\\/06\\\/Logo_header.png\",\"width\":550,\"height\":128,\"caption\":\"RIOCOPTER - Passeios de Helic\u00f3ptero\"},\"image\":{\"@id\":\"https:\\\/\\\/www.riocopter.com.br\\\/blog\\\/#\\\/schema\\\/logo\\\/image\\\/\"},\"sameAs\":[\"https:\\\/\\\/www.instagram.com\\\/riocopteroficial\\\/\"]},{\"@type\":\"Person\",\"@id\":\"\"}]}<\/script>\n<!-- \/ Yoast SEO Premium plugin. -->","yoast_head_json":{"title":"Voo de Helic\u00f3ptero em Fam\u00edlia | RIOCOPTER - Passeios de Helic\u00f3ptero","robots":{"index":"index","follow":"follow","max-snippet":"max-snippet:-1","max-image-preview":"max-image-preview:large","max-video-preview":"max-video-preview:-1"},"canonical":"https:\/\/www.riocopter.com.br\/blog\/voo-de-helicoptero-em-familia\/","og_locale":"pt_BR","og_type":"article","og_title":"Voo de Helic\u00f3ptero em Fam\u00edlia","og_description":"Criando Mem\u00f3rias Inesquec\u00edveis Juntos: Voo Helic\u00f3ptero Rio Fam\u00edlia Voo de Helic\u00f3ptero em Fam\u00edlia. O voo ... Saiba Mais","og_url":"https:\/\/www.riocopter.com.br\/blog\/voo-de-helicoptero-em-familia\/","og_site_name":"RIOCOPTER - Passeios de Helic\u00f3ptero","article_published_time":"2025-09-06T12:57:43+00:00","article_modified_time":"2025-12-17T23:06:51+00:00","og_image":[{"width":1000,"height":430,"url":"https:\/\/www.riocopter.com.br\/blog\/wp-content\/uploads\/2025\/09\/mmmmmmm.jpg","type":"image\/jpeg"}],"twitter_misc":{"Escrito por":"","Est. tempo de leitura":"5 minutos"},"schema":{"@context":"https:\/\/schema.org","@graph":[{"@type":"Article","@id":"https:\/\/www.riocopter.com.br\/blog\/voo-de-helicoptero-em-familia\/#article","isPartOf":{"@id":"https:\/\/www.riocopter.com.br\/blog\/voo-de-helicoptero-em-familia\/"},"author":{"name":"","@id":""},"headline":"Voo de Helic\u00f3ptero em Fam\u00edlia","datePublished":"2025-09-06T12:57:43+00:00","dateModified":"2025-12-17T23:06:51+00:00","mainEntityOfPage":{"@id":"https:\/\/www.riocopter.com.br\/blog\/voo-de-helicoptero-em-familia\/"},"wordCount":960,"publisher":{"@id":"https:\/\/www.riocopter.com.br\/blog\/#organization"},"image":{"@id":"https:\/\/www.riocopter.com.br\/blog\/voo-de-helicoptero-em-familia\/#primaryimage"},"thumbnailUrl":"https:\/\/www.riocopter.com.br\/blog\/wp-content\/uploads\/2025\/09\/mmmmmmm.jpg","keywords":["Voo de Helic\u00f3ptero em Fam\u00edlia"],"articleSection":["Saiba Mais..."],"inLanguage":"pt-BR"},{"@type":"WebPage","@id":"https:\/\/www.riocopter.com.br\/blog\/voo-de-helicoptero-em-familia\/","url":"https:\/\/www.riocopter.com.br\/blog\/voo-de-helicoptero-em-familia\/","name":"Voo de Helic\u00f3ptero em Fam\u00edlia | RIOCOPTER - Passeios de Helic\u00f3ptero","isPartOf":{"@id":"https:\/\/www.riocopter.com.br\/blog\/#website"},"primaryImageOfPage":{"@id":"https:\/\/www.riocopter.com.br\/blog\/voo-de-helicoptero-em-familia\/#primaryimage"},"image":{"@id":"https:\/\/www.riocopter.com.br\/blog\/voo-de-helicoptero-em-familia\/#primaryimage"},"thumbnailUrl":"https:\/\/www.riocopter.com.br\/blog\/wp-content\/uploads\/2025\/09\/mmmmmmm.jpg","datePublished":"2025-09-06T12:57:43+00:00","dateModified":"2025-12-17T23:06:51+00:00","breadcrumb":{"@id":"https:\/\/www.riocopter.com.br\/blog\/voo-de-helicoptero-em-familia\/#breadcrumb"},"inLanguage":"pt-BR","potentialAction":[{"@type":"ReadAction","target":["https:\/\/www.riocopter.com.br\/blog\/voo-de-helicoptero-em-familia\/"]}]},{"@type":"ImageObject","inLanguage":"pt-BR","@id":"https:\/\/www.riocopter.com.br\/blog\/voo-de-helicoptero-em-familia\/#primaryimage","url":"https:\/\/www.riocopter.com.br\/blog\/wp-content\/uploads\/2025\/09\/mmmmmmm.jpg","contentUrl":"https:\/\/www.riocopter.com.br\/blog\/wp-content\/uploads\/2025\/09\/mmmmmmm.jpg","width":1000,"height":430},{"@type":"BreadcrumbList","@id":"https:\/\/www.riocopter.com.br\/blog\/voo-de-helicoptero-em-familia\/#breadcrumb","itemListElement":[{"@type":"ListItem","position":1,"name":"In\u00edcio","item":"https:\/\/www.riocopter.com.br\/blog\/"},{"@type":"ListItem","position":2,"name":"Voo de Helic\u00f3ptero em Fam\u00edlia"}]},{"@type":"WebSite","@id":"https:\/\/www.riocopter.com.br\/blog\/#website","url":"https:\/\/www.riocopter.com.br\/blog\/","name":"RIOCOPTER - Passeio de Helic\u00f3ptero","description":"Passeio de Helic\u00f3ptero","publisher":{"@id":"https:\/\/www.riocopter.com.br\/blog\/#organization"},"alternateName":"RIOCOPTER","potentialAction":[{"@type":"SearchAction","target":{"@type":"EntryPoint","urlTemplate":"https:\/\/www.riocopter.com.br\/blog\/?s={search_term_string}"},"query-input":{"@type":"PropertyValueSpecification","valueRequired":true,"valueName":"search_term_string"}}],"inLanguage":"pt-BR"},{"@type":"Organization","@id":"https:\/\/www.riocopter.com.br\/blog\/#organization","name":"RIOCOPTER - Passeios de Helic\u00f3ptero","url":"https:\/\/www.riocopter.com.br\/blog\/","logo":{"@type":"ImageObject","inLanguage":"pt-BR","@id":"https:\/\/www.riocopter.com.br\/blog\/#\/schema\/logo\/image\/","url":"https:\/\/www.riocopter.com.br\/blog\/wp-content\/uploads\/2025\/06\/Logo_header.png","contentUrl":"https:\/\/www.riocopter.com.br\/blog\/wp-content\/uploads\/2025\/06\/Logo_header.png","width":550,"height":128,"caption":"RIOCOPTER - Passeios de Helic\u00f3ptero"},"image":{"@id":"https:\/\/www.riocopter.com.br\/blog\/#\/schema\/logo\/image\/"},"sameAs":["https:\/\/www.instagram.com\/riocopteroficial\/"]},{"@type":"Person","@id":""}]}},"_links":{"self":[{"href":"https:\/\/www.riocopter.com.br\/blog\/wp-json\/wp\/v2\/posts\/1521","targetHints":{"allow":["GET"]}}],"collection":[{"href":"https:\/\/www.riocopter.com.br\/blog\/wp-json\/wp\/v2\/posts"}],"about":[{"href":"https:\/\/www.riocopter.com.br\/blog\/wp-json\/wp\/v2\/types\/post"}],"author":[{"embeddable":true,"href":"https:\/\/www.riocopter.com.br\/blog\/wp-json\/wp\/v2\/users\/2"}],"replies":[{"embeddable":true,"href":"https:\/\/www.riocopter.com.br\/blog\/wp-json\/wp\/v2\/comments?post=1521"}],"version-history":[{"count":0,"href":"https:\/\/www.riocopter.com.br\/blog\/wp-json\/wp\/v2\/posts\/1521\/revisions"}],"wp:featuredmedia":[{"embeddable":true,"href":"https:\/\/www.riocopter.com.br\/blog\/wp-json\/wp\/v2\/media\/1522"}],"wp:attachment":[{"href":"https:\/\/www.riocopter.com.br\/blog\/wp-json\/wp\/v2\/media?parent=1521"}],"wp:term":[{"taxonomy":"category","embeddable":true,"href":"https:\/\/www.riocopter.com.br\/blog\/wp-json\/wp\/v2\/categories?post=1521"},{"taxonomy":"post_tag","embeddable":true,"href":"https:\/\/www.riocopter.com.br\/blog\/wp-json\/wp\/v2\/tags?post=1521"}],"curies":[{"name":"wp","href":"https:\/\/api.w.org\/{rel}","templated":true}]}}