{"id":1503,"date":"2025-09-05T13:57:20","date_gmt":"2025-09-05T13:57:20","guid":{"rendered":"https:\/\/www.riocopter.com.br\/blog\/?p=1503"},"modified":"2025-12-17T23:28:53","modified_gmt":"2025-12-17T23:28:53","slug":"fotografia-aerea-no-rio-de-janeiro","status":"publish","type":"post","link":"https:\/\/www.riocopter.com.br\/blog\/fotografia-aerea-no-rio-de-janeiro\/","title":{"rendered":"Fotografia A\u00e9rea no Rio de Janeiro"},"content":{"rendered":"<h1>Capturando a Ess\u00eancia da Cidade Maravilhosa: Voo Helic\u00f3ptero Rio Foto<\/h1>\n<p>Fotografia A\u00e9rea no Rio de Janeiro. O <strong>voo helic\u00f3ptero Rio foto<\/strong> representa uma das formas mais espetaculares de documentar beleza natural e urbana. De fato, a fotografia a\u00e9rea no Rio de Janeiro revela \u00e2ngulos in\u00e9ditos atrav\u00e9s das lentes suspensas no c\u00e9u. Consequentemente, cada clique transforma paisagens conhecidas em obras de arte visuais \u00fanicas. Portanto, voc\u00ea captura perspectivas que surpreendem at\u00e9 os fot\u00f3grafos mais experientes<a href=\"https:\/\/www.riocopter.com.br\/\">.<\/a><\/p>\n<p>A cidade mais fotografada do mundo ganha dimens\u00f5es ainda mais impressionantes das alturas. De fato, o sol carioca esculpe sombras dram\u00e1ticas e cria reflexos dan\u00e7antes na superf\u00edcie do mar. Consequentemente, arquitetura urbana ganha ilumina\u00e7\u00e3o cinematogr\u00e1fica em cada voo<a href=\"https:\/\/www.instagram.com\/riocopteroficial\/\" target=\"_blank\" rel=\"noopener\">.<\/a><\/p>\n<h2>Arte de Fotografar no Voo Helic\u00f3ptero Rio Foto<\/h2>\n<p>Quando voc\u00ea embarca em voo panor\u00e2mico com prop\u00f3sito fotogr\u00e1fico, cada momento se torna oportunidade. De fato, o <strong>voo helic\u00f3ptero Rio foto<\/strong> oferece luz natural famosa mundialmente por qualidade excepcional. Consequentemente, sol esculpe sombras dram\u00e1ticas nos morros e ilumina paisagens de maneira cinematogr\u00e1fica<a href=\"https:\/\/www.riocopter.com.br\/blog\/celebre-momentos-especiais-com-um-voo-de-helicoptero-no-rio-de-janeiro\/\" target=\"_blank\" rel=\"noopener\">.<\/a><\/p>\n<p>O que voc\u00ea encontra nas alturas:<\/p>\n<ul>\n<li>Manh\u00e3s douradas pintando a cidade com tons calorosos<\/li>\n<li>Tardes vibrantes intensificando cores naturais<\/li>\n<li>Fins de tarde criando silhuetas po\u00e9ticas<\/li>\n<li>Laborat\u00f3rio criativo infinito para fot\u00f3grafos<\/li>\n<\/ul>\n<p>Fot\u00f3grafos profissionais e entusiastas descobrem nas alturas laborat\u00f3rio criativo infinito naturalmente. Al\u00e9m disso, cada voo oferece condi\u00e7\u00f5es de ilumina\u00e7\u00e3o diferentes que surpreendem sempre. Portanto, voc\u00ea experimenta varia\u00e7\u00f5es que transformam mesmos cen\u00e1rios em imagens completamente diferentes.<\/p>\n<p>A <strong>RIOCOPTER<\/strong> proporciona condi\u00e7\u00f5es ideais para fot\u00f3grafos capturarem imagens extraordin\u00e1rias. De fato, realizamos voos panor\u00e2micos com ou sem portas maximizando liberdade criativa fotogr\u00e1fica.<\/p>\n<h2>Vantagens Doors-Off no Voo Helic\u00f3ptero Rio Foto<\/h2>\n<p>Para apaixonados por fotografia, voos doors-off representam liberdade criativa absoluta garantida. De fato, o <strong>voo helic\u00f3ptero Rio foto<\/strong> sem portas elimina barreiras f\u00edsicas entre c\u00e2mera e cen\u00e1rio completamente. Consequentemente, cada disparo capta pureza visual sem reflexos ou distor\u00e7\u00f5es \u00f3pticas indesejadas.<\/p>\n<p>Vantagens t\u00e9cnicas dos voos doors-off:<\/p>\n<ul>\n<li>Elimina\u00e7\u00e3o de reflexos indesejados nos vidros<\/li>\n<li>Aus\u00eancia de distor\u00e7\u00f5es \u00f3pticas<\/li>\n<li>\u00c2ngulos ilimitados para composi\u00e7\u00f5es<\/li>\n<li>Versatilidade completa de lentes e equipamentos<\/li>\n<\/ul>\n<p>Esta modalidade permite uso de diferentes lentes com total flexibilidade para voc\u00ea experimentar. Al\u00e9m disso, desde grande-angulares at\u00e9 teleobjetivas isolando detalhes, versatilidade t\u00e9cnica \u00e9 completa. Portanto, voc\u00ea experimenta composi\u00e7\u00f5es ousadas e perspectivas imposs\u00edveis em outras circunst\u00e2ncias.<\/p>\n<h2>Composi\u00e7\u00f5es \u00danicas no Voo Helic\u00f3ptero Rio Foto<\/h2>\n<p>A topografia singular do Rio oferece elementos compositivos naturais que elevam qualquer fotografia. De fato, o <strong>voo helic\u00f3ptero Rio foto<\/strong> revela intera\u00e7\u00e3o harmoniosa entre montanhas, oceano, lagoas e arquitetura. Consequentemente, layers visuais complexos desafiam e inspiram o olhar fotogr\u00e1fico em cada voo.<\/p>\n<p>O contraste entre vegeta\u00e7\u00e3o exuberante e desenvolvimento urbano produz texturas visuais fascinantes. Al\u00e9m disso, fotografias a\u00e9reas capturam dualidade po\u00e9tica entre natureza e metr\u00f3pole moderna. Portanto, favelas coloridas criam mosaicos \u00fanicos enquanto bairros nobres desenham padr\u00f5es geom\u00e9tricos.<\/p>\n<h2>Momentos Dourados no Voo Helic\u00f3ptero Rio Foto<\/h2>\n<p>O timing \u00e9 crucial na fotografia a\u00e9rea de qualidade que voc\u00ea busca criar profissionalmente. De fato, o <strong>voo helic\u00f3ptero Rio foto<\/strong> durante golden hour oferece condi\u00e7\u00f5es de ilumina\u00e7\u00e3o que rivalizam destinos mundiais. Consequentemente, fot\u00f3grafos experientes identificam momentos de luz perfeita que transformam cen\u00e1rios.<\/p>\n<p>Condi\u00e7\u00f5es atmosf\u00e9ricas tamb\u00e9m influenciam dramaticamente resultado final das suas capturas. Al\u00e9m disso, dias com nuvens parciais criam jogos de luz e sombra din\u00e2micos fascinantes. Portanto, cada voo apresenta condi\u00e7\u00f5es \u00fanicas garantindo fotografias completamente diferentes sempre.<\/p>\n<h2>Equipamentos e T\u00e9cnicas no Voo Helic\u00f3ptero Rio Foto<\/h2>\n<p>A fotografia a\u00e9rea exige considera\u00e7\u00f5es t\u00e9cnicas espec\u00edficas que voc\u00ea deve dominar previamente. De fato, o <strong>voo helic\u00f3ptero Rio foto<\/strong> t\u00e9cnico requer velocidades de obturador elevadas compensando vibra\u00e7\u00e3o natural. Consequentemente, ISO moderado mant\u00e9m qualidade da imagem enquanto estabiliza\u00e7\u00e3o garante nitidez.<\/p>\n<p>T\u00e9cnicas recomendadas para resultados:<\/p>\n<ul>\n<li>Velocidades de obturador elevadas compensando movimento<\/li>\n<li>ISO moderado mantendo qualidade da imagem<\/li>\n<li>Estabiliza\u00e7\u00e3o mec\u00e2nica ou digital ativada<\/li>\n<li>Aproveitamento criativo do movimento do helic\u00f3ptero<\/li>\n<\/ul>\n<p>Fot\u00f3grafos inteligentes aproveitam movimento suave do helic\u00f3ptero para efeitos din\u00e2micos controlados. Al\u00e9m disso, equipamentos modernos oferecem tecnologias avan\u00e7adas garantindo nitidez em movimento. Portanto, voc\u00ea se concentra em composi\u00e7\u00e3o e criatividade sem preocupa\u00e7\u00f5es t\u00e9cnicas excessivas.<\/p>\n<h2>Preservando Mem\u00f3rias no Voo Helic\u00f3ptero Rio Foto<\/h2>\n<p>Al\u00e9m do aspecto art\u00edstico, fotografia a\u00e9rea documenta perspectivas hist\u00f3ricas da cidade permanentemente. De fato, o <strong>voo helic\u00f3ptero Rio foto<\/strong> preserva momento espec\u00edfico da evolu\u00e7\u00e3o urbana carioca para sempre. Consequentemente, cada imagem ganha valor documental e emocional com o passar do tempo.<\/p>\n<p>A experi\u00eancia de fotografar das alturas transcende simples documenta\u00e7\u00e3o tur\u00edstica completamente. Al\u00e9m disso, cada voo se transforma em sess\u00e3o fotogr\u00e1fica \u00fanica onde criatividade e t\u00e9cnica se unem. Portanto, voc\u00ea produz imagens que contam hist\u00f3rias visuais inesquec\u00edveis.<\/p>\n<h2>Reserve Seu Voo Helic\u00f3ptero Rio Foto Hoje<\/h2>\n<p>Capture a ess\u00eancia da Cidade Maravilhosa atrav\u00e9s de perspectivas a\u00e9reas \u00fanicas e impressionantes. De fato, o <strong>voo helic\u00f3ptero Rio foto<\/strong> oferece oportunidades criativas que transformam qualquer fot\u00f3grafo em artista. Consequentemente, a <strong>RIOCOPTER<\/strong> est\u00e1 pronta para proporcionar sess\u00e3o fotogr\u00e1fica a\u00e9rea inesquec\u00edvel.<\/p>\n<p>Agende seu voo panor\u00e2mico e capture imagens que contar\u00e3o hist\u00f3rias por gera\u00e7\u00f5es. Portanto, entre em contato e transforme sua paix\u00e3o por fotografia em arte a\u00e9rea.<\/p>\n<p>Em conclus\u00e3o, fotografia a\u00e9rea revela belezas imposs\u00edveis de capturar do n\u00edvel do solo. Afinal, voc\u00ea merece experi\u00eancia que eleva sua fotografia a n\u00edveis extraordin\u00e1rios!<\/p>\n<p>&nbsp;<\/p>\n","protected":false},"excerpt":{"rendered":"<p>Capturando a Ess\u00eancia da Cidade Maravilhosa: Voo Helic\u00f3ptero Rio Foto Fotografia A\u00e9rea no Rio de &#8230; <a class=\"cz_readmore cz_readmore_no_icon\" href=\"https:\/\/www.riocopter.com.br\/blog\/fotografia-aerea-no-rio-de-janeiro\/\"><span>Saiba Mais<\/span><\/a><\/p>\n","protected":false},"author":2,"featured_media":1504,"comment_status":"closed","ping_status":"closed","sticky":false,"template":"","format":"standard","meta":{"footnotes":""},"categories":[60],"tags":[74],"class_list":["post-1503","post","type-post","status-publish","format-standard","has-post-thumbnail","hentry","category-saiba-mais","tag-fotografia-aerea-no-rio-de-janeiro"],"yoast_head":"<!-- This site is optimized with the Yoast SEO Premium plugin v26.5 (Yoast SEO v27.5) - https:\/\/yoast.com\/product\/yoast-seo-premium-wordpress\/ -->\n<title>Fotografia A\u00e9rea no Rio de Janeiro | RIOCOPTER - Passeios de Helic\u00f3ptero<\/title>\n<meta name=\"robots\" content=\"index, follow, max-snippet:-1, max-image-preview:large, max-video-preview:-1\" \/>\n<link rel=\"canonical\" href=\"https:\/\/www.riocopter.com.br\/blog\/fotografia-aerea-no-rio-de-janeiro\/\" \/>\n<meta property=\"og:locale\" content=\"pt_BR\" \/>\n<meta property=\"og:type\" content=\"article\" \/>\n<meta property=\"og:title\" content=\"Fotografia A\u00e9rea no Rio de Janeiro\" \/>\n<meta property=\"og:description\" content=\"Capturando a Ess\u00eancia da Cidade Maravilhosa: Voo Helic\u00f3ptero Rio Foto Fotografia A\u00e9rea no Rio de ... Saiba Mais\" \/>\n<meta property=\"og:url\" content=\"https:\/\/www.riocopter.com.br\/blog\/fotografia-aerea-no-rio-de-janeiro\/\" \/>\n<meta property=\"og:site_name\" content=\"RIOCOPTER - Passeios de Helic\u00f3ptero\" \/>\n<meta property=\"article:published_time\" content=\"2025-09-05T13:57:20+00:00\" \/>\n<meta property=\"article:modified_time\" content=\"2025-12-17T23:28:53+00:00\" \/>\n<meta property=\"og:image\" content=\"https:\/\/www.riocopter.com.br\/blog\/wp-content\/uploads\/2025\/09\/hhhhh.jpg\" \/>\n\t<meta property=\"og:image:width\" content=\"1000\" \/>\n\t<meta property=\"og:image:height\" content=\"430\" \/>\n\t<meta property=\"og:image:type\" content=\"image\/jpeg\" \/>\n<meta name=\"twitter:label1\" content=\"Escrito por\" \/>\n\t<meta name=\"twitter:data1\" content=\"\" \/>\n\t<meta name=\"twitter:label2\" content=\"Est. tempo de leitura\" \/>\n\t<meta name=\"twitter:data2\" content=\"5 minutos\" \/>\n<script type=\"application\/ld+json\" class=\"yoast-schema-graph\">{\"@context\":\"https:\\\/\\\/schema.org\",\"@graph\":[{\"@type\":\"Article\",\"@id\":\"https:\\\/\\\/www.riocopter.com.br\\\/blog\\\/fotografia-aerea-no-rio-de-janeiro\\\/#article\",\"isPartOf\":{\"@id\":\"https:\\\/\\\/www.riocopter.com.br\\\/blog\\\/fotografia-aerea-no-rio-de-janeiro\\\/\"},\"author\":{\"name\":\"\",\"@id\":\"\"},\"headline\":\"Fotografia A\u00e9rea no Rio de Janeiro\",\"datePublished\":\"2025-09-05T13:57:20+00:00\",\"dateModified\":\"2025-12-17T23:28:53+00:00\",\"mainEntityOfPage\":{\"@id\":\"https:\\\/\\\/www.riocopter.com.br\\\/blog\\\/fotografia-aerea-no-rio-de-janeiro\\\/\"},\"wordCount\":965,\"publisher\":{\"@id\":\"https:\\\/\\\/www.riocopter.com.br\\\/blog\\\/#organization\"},\"image\":{\"@id\":\"https:\\\/\\\/www.riocopter.com.br\\\/blog\\\/fotografia-aerea-no-rio-de-janeiro\\\/#primaryimage\"},\"thumbnailUrl\":\"https:\\\/\\\/www.riocopter.com.br\\\/blog\\\/wp-content\\\/uploads\\\/2025\\\/09\\\/hhhhh.jpg\",\"keywords\":[\"Fotografia A\u00e9rea no Rio de Janeiro\"],\"articleSection\":[\"Saiba Mais...\"],\"inLanguage\":\"pt-BR\"},{\"@type\":\"WebPage\",\"@id\":\"https:\\\/\\\/www.riocopter.com.br\\\/blog\\\/fotografia-aerea-no-rio-de-janeiro\\\/\",\"url\":\"https:\\\/\\\/www.riocopter.com.br\\\/blog\\\/fotografia-aerea-no-rio-de-janeiro\\\/\",\"name\":\"Fotografia A\u00e9rea no Rio de Janeiro | RIOCOPTER - Passeios de Helic\u00f3ptero\",\"isPartOf\":{\"@id\":\"https:\\\/\\\/www.riocopter.com.br\\\/blog\\\/#website\"},\"primaryImageOfPage\":{\"@id\":\"https:\\\/\\\/www.riocopter.com.br\\\/blog\\\/fotografia-aerea-no-rio-de-janeiro\\\/#primaryimage\"},\"image\":{\"@id\":\"https:\\\/\\\/www.riocopter.com.br\\\/blog\\\/fotografia-aerea-no-rio-de-janeiro\\\/#primaryimage\"},\"thumbnailUrl\":\"https:\\\/\\\/www.riocopter.com.br\\\/blog\\\/wp-content\\\/uploads\\\/2025\\\/09\\\/hhhhh.jpg\",\"datePublished\":\"2025-09-05T13:57:20+00:00\",\"dateModified\":\"2025-12-17T23:28:53+00:00\",\"breadcrumb\":{\"@id\":\"https:\\\/\\\/www.riocopter.com.br\\\/blog\\\/fotografia-aerea-no-rio-de-janeiro\\\/#breadcrumb\"},\"inLanguage\":\"pt-BR\",\"potentialAction\":[{\"@type\":\"ReadAction\",\"target\":[\"https:\\\/\\\/www.riocopter.com.br\\\/blog\\\/fotografia-aerea-no-rio-de-janeiro\\\/\"]}]},{\"@type\":\"ImageObject\",\"inLanguage\":\"pt-BR\",\"@id\":\"https:\\\/\\\/www.riocopter.com.br\\\/blog\\\/fotografia-aerea-no-rio-de-janeiro\\\/#primaryimage\",\"url\":\"https:\\\/\\\/www.riocopter.com.br\\\/blog\\\/wp-content\\\/uploads\\\/2025\\\/09\\\/hhhhh.jpg\",\"contentUrl\":\"https:\\\/\\\/www.riocopter.com.br\\\/blog\\\/wp-content\\\/uploads\\\/2025\\\/09\\\/hhhhh.jpg\",\"width\":1000,\"height\":430},{\"@type\":\"BreadcrumbList\",\"@id\":\"https:\\\/\\\/www.riocopter.com.br\\\/blog\\\/fotografia-aerea-no-rio-de-janeiro\\\/#breadcrumb\",\"itemListElement\":[{\"@type\":\"ListItem\",\"position\":1,\"name\":\"In\u00edcio\",\"item\":\"https:\\\/\\\/www.riocopter.com.br\\\/blog\\\/\"},{\"@type\":\"ListItem\",\"position\":2,\"name\":\"Fotografia A\u00e9rea no Rio de Janeiro\"}]},{\"@type\":\"WebSite\",\"@id\":\"https:\\\/\\\/www.riocopter.com.br\\\/blog\\\/#website\",\"url\":\"https:\\\/\\\/www.riocopter.com.br\\\/blog\\\/\",\"name\":\"RIOCOPTER - Passeio de Helic\u00f3ptero\",\"description\":\"Passeio de Helic\u00f3ptero\",\"publisher\":{\"@id\":\"https:\\\/\\\/www.riocopter.com.br\\\/blog\\\/#organization\"},\"alternateName\":\"RIOCOPTER\",\"potentialAction\":[{\"@type\":\"SearchAction\",\"target\":{\"@type\":\"EntryPoint\",\"urlTemplate\":\"https:\\\/\\\/www.riocopter.com.br\\\/blog\\\/?s={search_term_string}\"},\"query-input\":{\"@type\":\"PropertyValueSpecification\",\"valueRequired\":true,\"valueName\":\"search_term_string\"}}],\"inLanguage\":\"pt-BR\"},{\"@type\":\"Organization\",\"@id\":\"https:\\\/\\\/www.riocopter.com.br\\\/blog\\\/#organization\",\"name\":\"RIOCOPTER - Passeios de Helic\u00f3ptero\",\"url\":\"https:\\\/\\\/www.riocopter.com.br\\\/blog\\\/\",\"logo\":{\"@type\":\"ImageObject\",\"inLanguage\":\"pt-BR\",\"@id\":\"https:\\\/\\\/www.riocopter.com.br\\\/blog\\\/#\\\/schema\\\/logo\\\/image\\\/\",\"url\":\"https:\\\/\\\/www.riocopter.com.br\\\/blog\\\/wp-content\\\/uploads\\\/2025\\\/06\\\/Logo_header.png\",\"contentUrl\":\"https:\\\/\\\/www.riocopter.com.br\\\/blog\\\/wp-content\\\/uploads\\\/2025\\\/06\\\/Logo_header.png\",\"width\":550,\"height\":128,\"caption\":\"RIOCOPTER - Passeios de Helic\u00f3ptero\"},\"image\":{\"@id\":\"https:\\\/\\\/www.riocopter.com.br\\\/blog\\\/#\\\/schema\\\/logo\\\/image\\\/\"},\"sameAs\":[\"https:\\\/\\\/www.instagram.com\\\/riocopteroficial\\\/\"]},{\"@type\":\"Person\",\"@id\":\"\"}]}<\/script>\n<!-- \/ Yoast SEO Premium plugin. -->","yoast_head_json":{"title":"Fotografia A\u00e9rea no Rio de Janeiro | RIOCOPTER - Passeios de Helic\u00f3ptero","robots":{"index":"index","follow":"follow","max-snippet":"max-snippet:-1","max-image-preview":"max-image-preview:large","max-video-preview":"max-video-preview:-1"},"canonical":"https:\/\/www.riocopter.com.br\/blog\/fotografia-aerea-no-rio-de-janeiro\/","og_locale":"pt_BR","og_type":"article","og_title":"Fotografia A\u00e9rea no Rio de Janeiro","og_description":"Capturando a Ess\u00eancia da Cidade Maravilhosa: Voo Helic\u00f3ptero Rio Foto Fotografia A\u00e9rea no Rio de ... Saiba Mais","og_url":"https:\/\/www.riocopter.com.br\/blog\/fotografia-aerea-no-rio-de-janeiro\/","og_site_name":"RIOCOPTER - Passeios de Helic\u00f3ptero","article_published_time":"2025-09-05T13:57:20+00:00","article_modified_time":"2025-12-17T23:28:53+00:00","og_image":[{"width":1000,"height":430,"url":"https:\/\/www.riocopter.com.br\/blog\/wp-content\/uploads\/2025\/09\/hhhhh.jpg","type":"image\/jpeg"}],"twitter_misc":{"Escrito por":"","Est. tempo de leitura":"5 minutos"},"schema":{"@context":"https:\/\/schema.org","@graph":[{"@type":"Article","@id":"https:\/\/www.riocopter.com.br\/blog\/fotografia-aerea-no-rio-de-janeiro\/#article","isPartOf":{"@id":"https:\/\/www.riocopter.com.br\/blog\/fotografia-aerea-no-rio-de-janeiro\/"},"author":{"name":"","@id":""},"headline":"Fotografia A\u00e9rea no Rio de Janeiro","datePublished":"2025-09-05T13:57:20+00:00","dateModified":"2025-12-17T23:28:53+00:00","mainEntityOfPage":{"@id":"https:\/\/www.riocopter.com.br\/blog\/fotografia-aerea-no-rio-de-janeiro\/"},"wordCount":965,"publisher":{"@id":"https:\/\/www.riocopter.com.br\/blog\/#organization"},"image":{"@id":"https:\/\/www.riocopter.com.br\/blog\/fotografia-aerea-no-rio-de-janeiro\/#primaryimage"},"thumbnailUrl":"https:\/\/www.riocopter.com.br\/blog\/wp-content\/uploads\/2025\/09\/hhhhh.jpg","keywords":["Fotografia A\u00e9rea no Rio de Janeiro"],"articleSection":["Saiba Mais..."],"inLanguage":"pt-BR"},{"@type":"WebPage","@id":"https:\/\/www.riocopter.com.br\/blog\/fotografia-aerea-no-rio-de-janeiro\/","url":"https:\/\/www.riocopter.com.br\/blog\/fotografia-aerea-no-rio-de-janeiro\/","name":"Fotografia A\u00e9rea no Rio de Janeiro | RIOCOPTER - Passeios de Helic\u00f3ptero","isPartOf":{"@id":"https:\/\/www.riocopter.com.br\/blog\/#website"},"primaryImageOfPage":{"@id":"https:\/\/www.riocopter.com.br\/blog\/fotografia-aerea-no-rio-de-janeiro\/#primaryimage"},"image":{"@id":"https:\/\/www.riocopter.com.br\/blog\/fotografia-aerea-no-rio-de-janeiro\/#primaryimage"},"thumbnailUrl":"https:\/\/www.riocopter.com.br\/blog\/wp-content\/uploads\/2025\/09\/hhhhh.jpg","datePublished":"2025-09-05T13:57:20+00:00","dateModified":"2025-12-17T23:28:53+00:00","breadcrumb":{"@id":"https:\/\/www.riocopter.com.br\/blog\/fotografia-aerea-no-rio-de-janeiro\/#breadcrumb"},"inLanguage":"pt-BR","potentialAction":[{"@type":"ReadAction","target":["https:\/\/www.riocopter.com.br\/blog\/fotografia-aerea-no-rio-de-janeiro\/"]}]},{"@type":"ImageObject","inLanguage":"pt-BR","@id":"https:\/\/www.riocopter.com.br\/blog\/fotografia-aerea-no-rio-de-janeiro\/#primaryimage","url":"https:\/\/www.riocopter.com.br\/blog\/wp-content\/uploads\/2025\/09\/hhhhh.jpg","contentUrl":"https:\/\/www.riocopter.com.br\/blog\/wp-content\/uploads\/2025\/09\/hhhhh.jpg","width":1000,"height":430},{"@type":"BreadcrumbList","@id":"https:\/\/www.riocopter.com.br\/blog\/fotografia-aerea-no-rio-de-janeiro\/#breadcrumb","itemListElement":[{"@type":"ListItem","position":1,"name":"In\u00edcio","item":"https:\/\/www.riocopter.com.br\/blog\/"},{"@type":"ListItem","position":2,"name":"Fotografia A\u00e9rea no Rio de Janeiro"}]},{"@type":"WebSite","@id":"https:\/\/www.riocopter.com.br\/blog\/#website","url":"https:\/\/www.riocopter.com.br\/blog\/","name":"RIOCOPTER - Passeio de Helic\u00f3ptero","description":"Passeio de Helic\u00f3ptero","publisher":{"@id":"https:\/\/www.riocopter.com.br\/blog\/#organization"},"alternateName":"RIOCOPTER","potentialAction":[{"@type":"SearchAction","target":{"@type":"EntryPoint","urlTemplate":"https:\/\/www.riocopter.com.br\/blog\/?s={search_term_string}"},"query-input":{"@type":"PropertyValueSpecification","valueRequired":true,"valueName":"search_term_string"}}],"inLanguage":"pt-BR"},{"@type":"Organization","@id":"https:\/\/www.riocopter.com.br\/blog\/#organization","name":"RIOCOPTER - Passeios de Helic\u00f3ptero","url":"https:\/\/www.riocopter.com.br\/blog\/","logo":{"@type":"ImageObject","inLanguage":"pt-BR","@id":"https:\/\/www.riocopter.com.br\/blog\/#\/schema\/logo\/image\/","url":"https:\/\/www.riocopter.com.br\/blog\/wp-content\/uploads\/2025\/06\/Logo_header.png","contentUrl":"https:\/\/www.riocopter.com.br\/blog\/wp-content\/uploads\/2025\/06\/Logo_header.png","width":550,"height":128,"caption":"RIOCOPTER - Passeios de Helic\u00f3ptero"},"image":{"@id":"https:\/\/www.riocopter.com.br\/blog\/#\/schema\/logo\/image\/"},"sameAs":["https:\/\/www.instagram.com\/riocopteroficial\/"]},{"@type":"Person","@id":""}]}},"_links":{"self":[{"href":"https:\/\/www.riocopter.com.br\/blog\/wp-json\/wp\/v2\/posts\/1503","targetHints":{"allow":["GET"]}}],"collection":[{"href":"https:\/\/www.riocopter.com.br\/blog\/wp-json\/wp\/v2\/posts"}],"about":[{"href":"https:\/\/www.riocopter.com.br\/blog\/wp-json\/wp\/v2\/types\/post"}],"author":[{"embeddable":true,"href":"https:\/\/www.riocopter.com.br\/blog\/wp-json\/wp\/v2\/users\/2"}],"replies":[{"embeddable":true,"href":"https:\/\/www.riocopter.com.br\/blog\/wp-json\/wp\/v2\/comments?post=1503"}],"version-history":[{"count":0,"href":"https:\/\/www.riocopter.com.br\/blog\/wp-json\/wp\/v2\/posts\/1503\/revisions"}],"wp:featuredmedia":[{"embeddable":true,"href":"https:\/\/www.riocopter.com.br\/blog\/wp-json\/wp\/v2\/media\/1504"}],"wp:attachment":[{"href":"https:\/\/www.riocopter.com.br\/blog\/wp-json\/wp\/v2\/media?parent=1503"}],"wp:term":[{"taxonomy":"category","embeddable":true,"href":"https:\/\/www.riocopter.com.br\/blog\/wp-json\/wp\/v2\/categories?post=1503"},{"taxonomy":"post_tag","embeddable":true,"href":"https:\/\/www.riocopter.com.br\/blog\/wp-json\/wp\/v2\/tags?post=1503"}],"curies":[{"name":"wp","href":"https:\/\/api.w.org\/{rel}","templated":true}]}}