{"id":1427,"date":"2025-06-12T21:12:54","date_gmt":"2025-06-12T21:12:54","guid":{"rendered":"https:\/\/www.riocopter.com.br\/blog\/?p=1427"},"modified":"2025-12-18T04:33:24","modified_gmt":"2025-12-18T04:33:24","slug":"carnaval-no-rio-de-janeiro","status":"publish","type":"post","link":"https:\/\/www.riocopter.com.br\/blog\/carnaval-no-rio-de-janeiro\/","title":{"rendered":"Carnaval no Rio de Janeiro"},"content":{"rendered":"<h1>Veja a Festa Mais Vibrante do Mundo das Alturas: Voo Helic\u00f3ptero Rio Carnaval<\/h1>\n<p>Carnaval no Rio de Janeiro. O <strong>voo helic\u00f3ptero Rio Carnaval<\/strong> oferece perspectiva \u00fanica da festa mais vibrante e ic\u00f4nica do mundo. De fato, o Carnaval no Rio de Janeiro \u00e9 explos\u00e3o de cultura, m\u00fasica e tradi\u00e7\u00e3o que transforma a cidade. Consequentemente, durante esses dias m\u00e1gicos a cidade se torna grande palco onde diversidade cultural se mistura com alegria. Portanto, voc\u00ea contempla esse espet\u00e1culo \u00fanico de perspectiva privilegiada das alturas cariocas<a href=\"https:\/\/www.riocopter.com.br\/\">.<\/a><\/p>\n<p>Se voc\u00ea est\u00e1 se perguntando o que curtir durante essa \u00e9poca ou quais passeios fazer, perspectiva a\u00e9rea complementa. De fato, dicas pr\u00e1ticas e sugest\u00f5es de passeios garantem que sua experi\u00eancia seja inesquec\u00edvel. Consequentemente, ver a cidade em folia do alto torna tudo ainda mais impressionante e memor\u00e1vel<a href=\"https:\/\/www.instagram.com\/riocopteroficial\/\" target=\"_blank\" rel=\"noopener\">.<\/a><\/p>\n<h2>O Que Torna Especial o Voo Helic\u00f3ptero Rio Carnaval<\/h2>\n<p>O Carnaval do Rio tem fama internacional devido \u00e0 grandiosidade e mistura de elementos \u00fanicos. De fato, o <strong>voo helic\u00f3ptero Rio Carnaval<\/strong> revela tradi\u00e7\u00e3o cultural com ra\u00edzes profundas no samba das alturas. Consequentemente, diversidade de eventos desde Samb\u00f3dromo at\u00e9 blocos de rua ganha perspectiva panor\u00e2mica espetacular<a href=\"https:\/\/www.riocopter.com.br\/blog\/10-lugares-incriveis-no-rio-de-janeiro\/\" target=\"_blank\" rel=\"noopener\">.<\/a><\/p>\n<p>O que torna o Carnaval carioca especial:<\/p>\n<ul>\n<li>Tradi\u00e7\u00e3o cultural: ra\u00edzes profundas na hist\u00f3ria do samba<\/li>\n<li>Diversidade de eventos: desfiles e blocos em cada bairro<\/li>\n<li>Belezas naturais: praias e morros complementando a festa<\/li>\n<li>Energia contagiante: alegria que toma conta da cidade<\/li>\n<\/ul>\n<p>A paisagem deslumbrante do Rio com praias, morros e pontos tur\u00edsticos complementa a festa magnificamente. Al\u00e9m disso, samba como cora\u00e7\u00e3o do Carnaval embala desfiles e blocos que voc\u00ea contempla do alto. Portanto, perspectiva a\u00e9rea permite ver como a cidade inteira se transforma em celebra\u00e7\u00e3o.<\/p>\n<p>A <strong>RIOCOPTER<\/strong> oferece pacotes especiais durante o Carnaval para quem quer ver a festa das alturas. De fato, realizamos voos panor\u00e2micos com ou sem portas revelando a cidade em plena folia.<\/p>\n<h2>Eventos e Blocos no Voo Helic\u00f3ptero Rio Carnaval<\/h2>\n<p>Os desfiles das escolas de samba no Samb\u00f3dromo s\u00e3o ponto alto do Carnaval oficial emocionante. De fato, o <strong>voo helic\u00f3ptero Rio Carnaval<\/strong> permite ver a grandiosidade do Samb\u00f3dromo de perspectiva \u00fanica. Consequentemente, escolas competindo com apresenta\u00e7\u00f5es, alas, baterias e carros aleg\u00f3ricos ganham dimens\u00e3o espetacular.<\/p>\n<p>Eventos para curtir durante o Carnaval:<\/p>\n<ul>\n<li>Samb\u00f3dromo: desfiles das escolas de samba competindo<\/li>\n<li>Blocos de rua: tradi\u00e7\u00e3o em cada bairro da cidade<\/li>\n<li>Rodas de samba: ritmo contagiante nos bares da Lapa<\/li>\n<li>Shows e festas: artistas renomados em eventos tem\u00e1ticos<\/li>\n<\/ul>\n<p>Blocos de rua s\u00e3o tradi\u00e7\u00e3o imperd\u00edvel para quem quer viver a festa de forma aut\u00eantica nas ruas. Al\u00e9m disso, centenas de pessoas se re\u00fanem em cada bairro para cantar, dan\u00e7ar e celebrar juntos. Portanto, voo panor\u00e2mico mostra como a cidade inteira se enche de foli\u00f5es celebrando.<\/p>\n<h2>Pontos Tur\u00edsticos no Voo Helic\u00f3ptero Rio Carnaval<\/h2>\n<p>O Rio \u00e9 muito mais que festas e desfiles durante o per\u00edodo carnavalesco especial. De fato, o <strong>voo helic\u00f3ptero Rio Carnaval<\/strong> sobre pontos tur\u00edsticos cl\u00e1ssicos complementa a experi\u00eancia da folia. Consequentemente, Cristo Redentor no alto do Corcovado ganha perspectiva ainda mais impressionante durante a festa.<\/p>\n<p>P\u00e3o de A\u00e7\u00facar oferece vistas espetaculares da cidade especialmente ao entardecer durante Carnaval. Al\u00e9m disso, praias de Copacabana e Ipanema s\u00e3o perfeitas para relaxar ap\u00f3s agita\u00e7\u00e3o dos dias de folia. Portanto, voc\u00ea combina passeio a\u00e9reo com descoberta dos encantos que tornam a cidade t\u00e3o especial.<\/p>\n<h2>Ver a Cidade do Alto no Voo Helic\u00f3ptero Rio Carnaval<\/h2>\n<p>Se voc\u00ea quer ver o Rio de \u00e2ngulo totalmente novo durante a festa, passeio a\u00e9reo \u00e9 essencial. De fato, o <strong>voo helic\u00f3ptero Rio Carnaval<\/strong> permite contemplar cidade de cima com vis\u00e3o panor\u00e2mica completa. Consequentemente, pontos hist\u00f3ricos e belezas naturais ganham destaque ainda maior durante a celebra\u00e7\u00e3o.<\/p>\n<p>Vantagens do passeio durante Carnaval:<\/p>\n<ul>\n<li>Vis\u00e3o panor\u00e2mica: Cristo, P\u00e3o de A\u00e7\u00facar e praias do alto<\/li>\n<li>Rapidez e exclusividade: grandes \u00e1reas em poucos minutos<\/li>\n<li>Conforto e seguran\u00e7a: aeronaves modernas e pilotos experientes<\/li>\n<li>Cidade em festa: perspectiva \u00fanica da folia carioca<\/li>\n<\/ul>\n<p>Em poucos minutos voc\u00ea percorre grandes \u00e1reas da cidade aproveitando cada segundo da experi\u00eancia. Al\u00e9m disso, aeronaves modernas e pilotos experientes garantem seguran\u00e7a e conforto durante todo voo. Portanto, do alto tudo se torna ainda mais impressionante com a cidade inteira em celebra\u00e7\u00e3o.<\/p>\n<h2>Pacotes Durante o Voo Helic\u00f3ptero Rio Carnaval<\/h2>\n<p>Diferentes pacotes permitem que voc\u00ea escolha experi\u00eancia ideal para ver a festa das alturas. De fato, o <strong>voo helic\u00f3ptero Rio Carnaval<\/strong> Discovery Tour de 18 minutos oferece experi\u00eancia r\u00e1pida e intensa. Consequentemente, Classic Tour de 25 minutos inclui pontos ic\u00f4nicos para quem quer aproveitar mais.<\/p>\n<p>Op\u00e7\u00f5es de pacotes dispon\u00edveis:<\/p>\n<ul>\n<li>Discovery Tour (18 min): experi\u00eancia r\u00e1pida dos principais pontos<\/li>\n<li>Classic Tour (25 min): passeio completo pelos \u00edcones<\/li>\n<li>Deluxe Tour (40 min): \u00e1reas que poucos veem de perto<\/li>\n<li>VIP Tour (50 min): exclusividade para comemora\u00e7\u00f5es especiais<\/li>\n<\/ul>\n<p>Deluxe Tour de 40 minutos sobrevoa \u00e1reas que poucos conseguem ver de perto normalmente. Al\u00e9m disso, VIP Tour de 50 minutos oferece exclusividade total ideal para eventos especiais e comemora\u00e7\u00f5es. Portanto, durante o Carnaval passeio a\u00e9reo \u00e9 \u00f3tima forma de ver cidade em meio \u00e0 festa.<\/p>\n<h2>Dicas Pr\u00e1ticas no Voo Helic\u00f3ptero Rio Carnaval<\/h2>\n<p>Com tantas atra\u00e7\u00f5es \u00e9 importante planejar bem seu tempo durante os dias de folia intensos. De fato, o <strong>voo helic\u00f3ptero Rio Carnaval<\/strong> exige reserva antecipada pois demanda aumenta durante a festa. Consequentemente, equilibrar momentos de folia com pausas para descanso \u00e9 essencial para aproveitar.<\/p>\n<p>Use roupas leves e confort\u00e1veis adequadas para longos per\u00edodos em movimento na cidade. Al\u00e9m disso, protetor solar, chap\u00e9u e hidrata\u00e7\u00e3o s\u00e3o essenciais pois sol do Rio \u00e9 forte durante ver\u00e3o. Portanto, planeje roteiro equilibrando passeio a\u00e9reo com participa\u00e7\u00e3o nos eventos de rua.<\/p>\n<h2>Reserve Seu Voo Helic\u00f3ptero Rio Carnaval Hoje<\/h2>\n<p>O Carnaval no Rio \u00e9 encontro da tradi\u00e7\u00e3o com modernidade e alegria com cultura vibrante. De fato, o <strong>voo helic\u00f3ptero Rio Carnaval<\/strong> proporciona nova perspectiva do Rio onde cada vista \u00e9 espet\u00e1culo. Consequentemente, a <strong>RIOCOPTER<\/strong> est\u00e1 pronta para elevar sua experi\u00eancia de Carnaval literalmente.<\/p>\n<p>Agende seu voo panor\u00e2mico e veja a cidade em folia de perspectiva que poucos conhecem. Portanto, entre em contato e prepare-se para Carnaval inesquec\u00edvel no Rio de Janeiro.<\/p>\n<p>Em conclus\u00e3o, ver a festa mais grandiosa do planeta das alturas \u00e9 experi\u00eancia \u00fanica. Afinal, voc\u00ea merece Carnaval que celebra vida com perspectiva extraordin\u00e1ria!<\/p>\n","protected":false},"excerpt":{"rendered":"<p>Veja a Festa Mais Vibrante do Mundo das Alturas: Voo Helic\u00f3ptero Rio Carnaval Carnaval no &#8230; <a class=\"cz_readmore cz_readmore_no_icon\" href=\"https:\/\/www.riocopter.com.br\/blog\/carnaval-no-rio-de-janeiro\/\"><span>Saiba Mais<\/span><\/a><\/p>\n","protected":false},"author":1,"featured_media":1428,"comment_status":"closed","ping_status":"closed","sticky":false,"template":"","format":"standard","meta":{"footnotes":""},"categories":[1],"tags":[180],"class_list":["post-1427","post","type-post","status-publish","format-standard","has-post-thumbnail","hentry","category-news","tag-carnaval-no-rio-de-janeiro"],"yoast_head":"<!-- This site is optimized with the Yoast SEO Premium plugin v26.5 (Yoast SEO v27.5) - https:\/\/yoast.com\/product\/yoast-seo-premium-wordpress\/ -->\n<title>Carnaval no Rio de Janeiro | RIOCOPTER - Passeios de Helic\u00f3ptero<\/title>\n<meta name=\"robots\" content=\"index, follow, max-snippet:-1, max-image-preview:large, max-video-preview:-1\" \/>\n<link rel=\"canonical\" href=\"https:\/\/www.riocopter.com.br\/blog\/carnaval-no-rio-de-janeiro\/\" \/>\n<meta property=\"og:locale\" content=\"pt_BR\" \/>\n<meta property=\"og:type\" content=\"article\" \/>\n<meta property=\"og:title\" content=\"Carnaval no Rio de Janeiro\" \/>\n<meta property=\"og:description\" content=\"Veja a Festa Mais Vibrante do Mundo das Alturas: Voo Helic\u00f3ptero Rio Carnaval Carnaval no ... Saiba Mais\" \/>\n<meta property=\"og:url\" content=\"https:\/\/www.riocopter.com.br\/blog\/carnaval-no-rio-de-janeiro\/\" \/>\n<meta property=\"og:site_name\" content=\"RIOCOPTER - Passeios de Helic\u00f3ptero\" \/>\n<meta property=\"article:published_time\" content=\"2025-06-12T21:12:54+00:00\" \/>\n<meta property=\"article:modified_time\" content=\"2025-12-18T04:33:24+00:00\" \/>\n<meta property=\"og:image\" content=\"https:\/\/www.riocopter.com.br\/blog\/wp-content\/uploads\/2025\/06\/carnaval.jpg\" \/>\n\t<meta property=\"og:image:width\" content=\"1080\" \/>\n\t<meta property=\"og:image:height\" content=\"400\" \/>\n\t<meta property=\"og:image:type\" content=\"image\/jpeg\" \/>\n<meta name=\"author\" content=\"admin\" \/>\n<meta name=\"twitter:label1\" content=\"Escrito por\" \/>\n\t<meta name=\"twitter:data1\" content=\"admin\" \/>\n\t<meta name=\"twitter:label2\" content=\"Est. tempo de leitura\" \/>\n\t<meta name=\"twitter:data2\" content=\"6 minutos\" \/>\n<script type=\"application\/ld+json\" class=\"yoast-schema-graph\">{\"@context\":\"https:\\\/\\\/schema.org\",\"@graph\":[{\"@type\":\"Article\",\"@id\":\"https:\\\/\\\/www.riocopter.com.br\\\/blog\\\/carnaval-no-rio-de-janeiro\\\/#article\",\"isPartOf\":{\"@id\":\"https:\\\/\\\/www.riocopter.com.br\\\/blog\\\/carnaval-no-rio-de-janeiro\\\/\"},\"author\":{\"name\":\"admin\",\"@id\":\"https:\\\/\\\/www.riocopter.com.br\\\/blog\\\/#\\\/schema\\\/person\\\/eacaf6a861eb654eb98b2034f32a7795\"},\"headline\":\"Carnaval no Rio de Janeiro\",\"datePublished\":\"2025-06-12T21:12:54+00:00\",\"dateModified\":\"2025-12-18T04:33:24+00:00\",\"mainEntityOfPage\":{\"@id\":\"https:\\\/\\\/www.riocopter.com.br\\\/blog\\\/carnaval-no-rio-de-janeiro\\\/\"},\"wordCount\":1107,\"publisher\":{\"@id\":\"https:\\\/\\\/www.riocopter.com.br\\\/blog\\\/#organization\"},\"image\":{\"@id\":\"https:\\\/\\\/www.riocopter.com.br\\\/blog\\\/carnaval-no-rio-de-janeiro\\\/#primaryimage\"},\"thumbnailUrl\":\"https:\\\/\\\/www.riocopter.com.br\\\/blog\\\/wp-content\\\/uploads\\\/2025\\\/06\\\/carnaval.jpg\",\"keywords\":[\"Carnaval no Rio de Janeiro\"],\"articleSection\":[\"News\"],\"inLanguage\":\"pt-BR\"},{\"@type\":\"WebPage\",\"@id\":\"https:\\\/\\\/www.riocopter.com.br\\\/blog\\\/carnaval-no-rio-de-janeiro\\\/\",\"url\":\"https:\\\/\\\/www.riocopter.com.br\\\/blog\\\/carnaval-no-rio-de-janeiro\\\/\",\"name\":\"Carnaval no Rio de Janeiro | RIOCOPTER - Passeios de Helic\u00f3ptero\",\"isPartOf\":{\"@id\":\"https:\\\/\\\/www.riocopter.com.br\\\/blog\\\/#website\"},\"primaryImageOfPage\":{\"@id\":\"https:\\\/\\\/www.riocopter.com.br\\\/blog\\\/carnaval-no-rio-de-janeiro\\\/#primaryimage\"},\"image\":{\"@id\":\"https:\\\/\\\/www.riocopter.com.br\\\/blog\\\/carnaval-no-rio-de-janeiro\\\/#primaryimage\"},\"thumbnailUrl\":\"https:\\\/\\\/www.riocopter.com.br\\\/blog\\\/wp-content\\\/uploads\\\/2025\\\/06\\\/carnaval.jpg\",\"datePublished\":\"2025-06-12T21:12:54+00:00\",\"dateModified\":\"2025-12-18T04:33:24+00:00\",\"breadcrumb\":{\"@id\":\"https:\\\/\\\/www.riocopter.com.br\\\/blog\\\/carnaval-no-rio-de-janeiro\\\/#breadcrumb\"},\"inLanguage\":\"pt-BR\",\"potentialAction\":[{\"@type\":\"ReadAction\",\"target\":[\"https:\\\/\\\/www.riocopter.com.br\\\/blog\\\/carnaval-no-rio-de-janeiro\\\/\"]}]},{\"@type\":\"ImageObject\",\"inLanguage\":\"pt-BR\",\"@id\":\"https:\\\/\\\/www.riocopter.com.br\\\/blog\\\/carnaval-no-rio-de-janeiro\\\/#primaryimage\",\"url\":\"https:\\\/\\\/www.riocopter.com.br\\\/blog\\\/wp-content\\\/uploads\\\/2025\\\/06\\\/carnaval.jpg\",\"contentUrl\":\"https:\\\/\\\/www.riocopter.com.br\\\/blog\\\/wp-content\\\/uploads\\\/2025\\\/06\\\/carnaval.jpg\",\"width\":1080,\"height\":400},{\"@type\":\"BreadcrumbList\",\"@id\":\"https:\\\/\\\/www.riocopter.com.br\\\/blog\\\/carnaval-no-rio-de-janeiro\\\/#breadcrumb\",\"itemListElement\":[{\"@type\":\"ListItem\",\"position\":1,\"name\":\"In\u00edcio\",\"item\":\"https:\\\/\\\/www.riocopter.com.br\\\/blog\\\/\"},{\"@type\":\"ListItem\",\"position\":2,\"name\":\"Carnaval no Rio de Janeiro\"}]},{\"@type\":\"WebSite\",\"@id\":\"https:\\\/\\\/www.riocopter.com.br\\\/blog\\\/#website\",\"url\":\"https:\\\/\\\/www.riocopter.com.br\\\/blog\\\/\",\"name\":\"RIOCOPTER - Passeio de Helic\u00f3ptero\",\"description\":\"Passeio de Helic\u00f3ptero\",\"publisher\":{\"@id\":\"https:\\\/\\\/www.riocopter.com.br\\\/blog\\\/#organization\"},\"alternateName\":\"RIOCOPTER\",\"potentialAction\":[{\"@type\":\"SearchAction\",\"target\":{\"@type\":\"EntryPoint\",\"urlTemplate\":\"https:\\\/\\\/www.riocopter.com.br\\\/blog\\\/?s={search_term_string}\"},\"query-input\":{\"@type\":\"PropertyValueSpecification\",\"valueRequired\":true,\"valueName\":\"search_term_string\"}}],\"inLanguage\":\"pt-BR\"},{\"@type\":\"Organization\",\"@id\":\"https:\\\/\\\/www.riocopter.com.br\\\/blog\\\/#organization\",\"name\":\"RIOCOPTER - Passeios de Helic\u00f3ptero\",\"url\":\"https:\\\/\\\/www.riocopter.com.br\\\/blog\\\/\",\"logo\":{\"@type\":\"ImageObject\",\"inLanguage\":\"pt-BR\",\"@id\":\"https:\\\/\\\/www.riocopter.com.br\\\/blog\\\/#\\\/schema\\\/logo\\\/image\\\/\",\"url\":\"https:\\\/\\\/www.riocopter.com.br\\\/blog\\\/wp-content\\\/uploads\\\/2025\\\/06\\\/Logo_header.png\",\"contentUrl\":\"https:\\\/\\\/www.riocopter.com.br\\\/blog\\\/wp-content\\\/uploads\\\/2025\\\/06\\\/Logo_header.png\",\"width\":550,\"height\":128,\"caption\":\"RIOCOPTER - Passeios de Helic\u00f3ptero\"},\"image\":{\"@id\":\"https:\\\/\\\/www.riocopter.com.br\\\/blog\\\/#\\\/schema\\\/logo\\\/image\\\/\"},\"sameAs\":[\"https:\\\/\\\/www.instagram.com\\\/riocopteroficial\\\/\"]},{\"@type\":\"Person\",\"@id\":\"https:\\\/\\\/www.riocopter.com.br\\\/blog\\\/#\\\/schema\\\/person\\\/eacaf6a861eb654eb98b2034f32a7795\",\"name\":\"admin\",\"image\":{\"@type\":\"ImageObject\",\"inLanguage\":\"pt-BR\",\"@id\":\"https:\\\/\\\/secure.gravatar.com\\\/avatar\\\/7dcb0cd247aa94896e665c337696a7be18d387a78d6d55b4854b7ff7d5925042?s=96&d=mm&r=g\",\"url\":\"https:\\\/\\\/secure.gravatar.com\\\/avatar\\\/7dcb0cd247aa94896e665c337696a7be18d387a78d6d55b4854b7ff7d5925042?s=96&d=mm&r=g\",\"contentUrl\":\"https:\\\/\\\/secure.gravatar.com\\\/avatar\\\/7dcb0cd247aa94896e665c337696a7be18d387a78d6d55b4854b7ff7d5925042?s=96&d=mm&r=g\",\"caption\":\"admin\"},\"sameAs\":[\"https:\\\/\\\/www.riocopter.com.br\\\/blog\"]}]}<\/script>\n<!-- \/ Yoast SEO Premium plugin. -->","yoast_head_json":{"title":"Carnaval no Rio de Janeiro | RIOCOPTER - Passeios de Helic\u00f3ptero","robots":{"index":"index","follow":"follow","max-snippet":"max-snippet:-1","max-image-preview":"max-image-preview:large","max-video-preview":"max-video-preview:-1"},"canonical":"https:\/\/www.riocopter.com.br\/blog\/carnaval-no-rio-de-janeiro\/","og_locale":"pt_BR","og_type":"article","og_title":"Carnaval no Rio de Janeiro","og_description":"Veja a Festa Mais Vibrante do Mundo das Alturas: Voo Helic\u00f3ptero Rio Carnaval Carnaval no ... Saiba Mais","og_url":"https:\/\/www.riocopter.com.br\/blog\/carnaval-no-rio-de-janeiro\/","og_site_name":"RIOCOPTER - Passeios de Helic\u00f3ptero","article_published_time":"2025-06-12T21:12:54+00:00","article_modified_time":"2025-12-18T04:33:24+00:00","og_image":[{"width":1080,"height":400,"url":"https:\/\/www.riocopter.com.br\/blog\/wp-content\/uploads\/2025\/06\/carnaval.jpg","type":"image\/jpeg"}],"author":"admin","twitter_misc":{"Escrito por":"admin","Est. tempo de leitura":"6 minutos"},"schema":{"@context":"https:\/\/schema.org","@graph":[{"@type":"Article","@id":"https:\/\/www.riocopter.com.br\/blog\/carnaval-no-rio-de-janeiro\/#article","isPartOf":{"@id":"https:\/\/www.riocopter.com.br\/blog\/carnaval-no-rio-de-janeiro\/"},"author":{"name":"admin","@id":"https:\/\/www.riocopter.com.br\/blog\/#\/schema\/person\/eacaf6a861eb654eb98b2034f32a7795"},"headline":"Carnaval no Rio de Janeiro","datePublished":"2025-06-12T21:12:54+00:00","dateModified":"2025-12-18T04:33:24+00:00","mainEntityOfPage":{"@id":"https:\/\/www.riocopter.com.br\/blog\/carnaval-no-rio-de-janeiro\/"},"wordCount":1107,"publisher":{"@id":"https:\/\/www.riocopter.com.br\/blog\/#organization"},"image":{"@id":"https:\/\/www.riocopter.com.br\/blog\/carnaval-no-rio-de-janeiro\/#primaryimage"},"thumbnailUrl":"https:\/\/www.riocopter.com.br\/blog\/wp-content\/uploads\/2025\/06\/carnaval.jpg","keywords":["Carnaval no Rio de Janeiro"],"articleSection":["News"],"inLanguage":"pt-BR"},{"@type":"WebPage","@id":"https:\/\/www.riocopter.com.br\/blog\/carnaval-no-rio-de-janeiro\/","url":"https:\/\/www.riocopter.com.br\/blog\/carnaval-no-rio-de-janeiro\/","name":"Carnaval no Rio de Janeiro | RIOCOPTER - Passeios de Helic\u00f3ptero","isPartOf":{"@id":"https:\/\/www.riocopter.com.br\/blog\/#website"},"primaryImageOfPage":{"@id":"https:\/\/www.riocopter.com.br\/blog\/carnaval-no-rio-de-janeiro\/#primaryimage"},"image":{"@id":"https:\/\/www.riocopter.com.br\/blog\/carnaval-no-rio-de-janeiro\/#primaryimage"},"thumbnailUrl":"https:\/\/www.riocopter.com.br\/blog\/wp-content\/uploads\/2025\/06\/carnaval.jpg","datePublished":"2025-06-12T21:12:54+00:00","dateModified":"2025-12-18T04:33:24+00:00","breadcrumb":{"@id":"https:\/\/www.riocopter.com.br\/blog\/carnaval-no-rio-de-janeiro\/#breadcrumb"},"inLanguage":"pt-BR","potentialAction":[{"@type":"ReadAction","target":["https:\/\/www.riocopter.com.br\/blog\/carnaval-no-rio-de-janeiro\/"]}]},{"@type":"ImageObject","inLanguage":"pt-BR","@id":"https:\/\/www.riocopter.com.br\/blog\/carnaval-no-rio-de-janeiro\/#primaryimage","url":"https:\/\/www.riocopter.com.br\/blog\/wp-content\/uploads\/2025\/06\/carnaval.jpg","contentUrl":"https:\/\/www.riocopter.com.br\/blog\/wp-content\/uploads\/2025\/06\/carnaval.jpg","width":1080,"height":400},{"@type":"BreadcrumbList","@id":"https:\/\/www.riocopter.com.br\/blog\/carnaval-no-rio-de-janeiro\/#breadcrumb","itemListElement":[{"@type":"ListItem","position":1,"name":"In\u00edcio","item":"https:\/\/www.riocopter.com.br\/blog\/"},{"@type":"ListItem","position":2,"name":"Carnaval no Rio de Janeiro"}]},{"@type":"WebSite","@id":"https:\/\/www.riocopter.com.br\/blog\/#website","url":"https:\/\/www.riocopter.com.br\/blog\/","name":"RIOCOPTER - Passeio de Helic\u00f3ptero","description":"Passeio de Helic\u00f3ptero","publisher":{"@id":"https:\/\/www.riocopter.com.br\/blog\/#organization"},"alternateName":"RIOCOPTER","potentialAction":[{"@type":"SearchAction","target":{"@type":"EntryPoint","urlTemplate":"https:\/\/www.riocopter.com.br\/blog\/?s={search_term_string}"},"query-input":{"@type":"PropertyValueSpecification","valueRequired":true,"valueName":"search_term_string"}}],"inLanguage":"pt-BR"},{"@type":"Organization","@id":"https:\/\/www.riocopter.com.br\/blog\/#organization","name":"RIOCOPTER - Passeios de Helic\u00f3ptero","url":"https:\/\/www.riocopter.com.br\/blog\/","logo":{"@type":"ImageObject","inLanguage":"pt-BR","@id":"https:\/\/www.riocopter.com.br\/blog\/#\/schema\/logo\/image\/","url":"https:\/\/www.riocopter.com.br\/blog\/wp-content\/uploads\/2025\/06\/Logo_header.png","contentUrl":"https:\/\/www.riocopter.com.br\/blog\/wp-content\/uploads\/2025\/06\/Logo_header.png","width":550,"height":128,"caption":"RIOCOPTER - Passeios de Helic\u00f3ptero"},"image":{"@id":"https:\/\/www.riocopter.com.br\/blog\/#\/schema\/logo\/image\/"},"sameAs":["https:\/\/www.instagram.com\/riocopteroficial\/"]},{"@type":"Person","@id":"https:\/\/www.riocopter.com.br\/blog\/#\/schema\/person\/eacaf6a861eb654eb98b2034f32a7795","name":"admin","image":{"@type":"ImageObject","inLanguage":"pt-BR","@id":"https:\/\/secure.gravatar.com\/avatar\/7dcb0cd247aa94896e665c337696a7be18d387a78d6d55b4854b7ff7d5925042?s=96&d=mm&r=g","url":"https:\/\/secure.gravatar.com\/avatar\/7dcb0cd247aa94896e665c337696a7be18d387a78d6d55b4854b7ff7d5925042?s=96&d=mm&r=g","contentUrl":"https:\/\/secure.gravatar.com\/avatar\/7dcb0cd247aa94896e665c337696a7be18d387a78d6d55b4854b7ff7d5925042?s=96&d=mm&r=g","caption":"admin"},"sameAs":["https:\/\/www.riocopter.com.br\/blog"]}]}},"_links":{"self":[{"href":"https:\/\/www.riocopter.com.br\/blog\/wp-json\/wp\/v2\/posts\/1427","targetHints":{"allow":["GET"]}}],"collection":[{"href":"https:\/\/www.riocopter.com.br\/blog\/wp-json\/wp\/v2\/posts"}],"about":[{"href":"https:\/\/www.riocopter.com.br\/blog\/wp-json\/wp\/v2\/types\/post"}],"author":[{"embeddable":true,"href":"https:\/\/www.riocopter.com.br\/blog\/wp-json\/wp\/v2\/users\/1"}],"replies":[{"embeddable":true,"href":"https:\/\/www.riocopter.com.br\/blog\/wp-json\/wp\/v2\/comments?post=1427"}],"version-history":[{"count":0,"href":"https:\/\/www.riocopter.com.br\/blog\/wp-json\/wp\/v2\/posts\/1427\/revisions"}],"wp:featuredmedia":[{"embeddable":true,"href":"https:\/\/www.riocopter.com.br\/blog\/wp-json\/wp\/v2\/media\/1428"}],"wp:attachment":[{"href":"https:\/\/www.riocopter.com.br\/blog\/wp-json\/wp\/v2\/media?parent=1427"}],"wp:term":[{"taxonomy":"category","embeddable":true,"href":"https:\/\/www.riocopter.com.br\/blog\/wp-json\/wp\/v2\/categories?post=1427"},{"taxonomy":"post_tag","embeddable":true,"href":"https:\/\/www.riocopter.com.br\/blog\/wp-json\/wp\/v2\/tags?post=1427"}],"curies":[{"name":"wp","href":"https:\/\/api.w.org\/{rel}","templated":true}]}}